{"id":102979,"date":"2022-01-13T19:36:45","date_gmt":"2022-01-13T22:36:45","guid":{"rendered":"https:\/\/eldiariodesanpedro.com.ar\/sitio\/?p=102979"},"modified":"2022-01-13T19:36:47","modified_gmt":"2022-01-13T22:36:47","slug":"recomendaciones-para-el-cuidado-de-mascotas-ante-la-ola-de-calor","status":"publish","type":"post","link":"https:\/\/eldiariodesanpedro.com.ar\/sitio\/recomendaciones-para-el-cuidado-de-mascotas-ante-la-ola-de-calor\/","title":{"rendered":"Recomendaciones para el cuidado de mascotas ante la ola de calor"},"content":{"rendered":"<!-- VideographyWP Plugin Message: Automatic video embedding prevented by plugin options. -->\n\n<p>Los animales con pelaje m\u00e1s oscuro absorben m\u00e1s calor. Los que tienen sobrepeso son m\u00e1s propensos a los golpes de calor y la deshidrataci\u00f3n. Los perros de nariz chata, como los carlinos o los pekineses, son menos eficientes para enfriarse a trav\u00e9s del jadeo.<br>Ante esta ola de calor compartimos estos consejos:<br>No lo sometas al sol<br>Nunca lo mantengas atado<br>Lleva a tu perro a pasear por la ma\u00f1ana temprano y al atardecer, una vez que se haya puesto el sol.<br>Camina a un ritmo suave, toma descansos, lleva agua y camina por la sombra siempre que puedas.<\/p>\n\n\n\n<p>El suelo puede estar muy caliente y sus almohadillas pueden agrietarse o quemarse.<br>Aseg\u00farate de que siempre haya suficiente agua limpia y fresca para el perro.<br>Es normal que el apetito disminuya durante el calor.<\/p>\n\n\n\n<p>El jadeo de los perros forma parte de su mecanismo de enfriamiento. Es aconsejable acudir al veterinario si se detecta alguno de los siguientes s\u00edntomas:<br>Babeo excesivo<br>Dificultad para respirar<br>Aumento del ritmo card\u00edaco<br>Inquietud<br>Piel seca<\/p>\n\n\n\n<p>NUNCA dejes a tu perro en un veh\u00edculo: El autom\u00f3vil retiene m\u00e1s calor que el \u00e1rea exterior incluso si est\u00e1 estacionado en la sombra. La temperatura de tu perro puede elevarse r\u00e1pidamente y provocarle casos graves de insolaci\u00f3n, colapso y fallecimiento, en menos tiempo del que pensamos.<\/p>\n\n\n\n<p>Revisar diariamente que no tiene pulgas ni garrapatas:<br>El clima c\u00e1lido es un para\u00edso para las pulgas y las garrapatas, as\u00ed que revisa a tu perro a diario.<\/p>\n","protected":false},"excerpt":{"rendered":"<p>Los animales con pelaje m\u00e1s oscuro absorben m\u00e1s calor. Los que tienen sobrepeso son m\u00e1s propensos a los golpes de calor y la deshidrataci\u00f3n. Los perros de nariz chata, como los carlinos o los pekineses, son menos eficientes para enfriarse a trav\u00e9s del jadeo.Ante esta ola de calor compartimos estos consejos:No lo sometas al solNunca [&hellip;]<\/p>\n","protected":false},"author":4,"featured_media":102980,"comment_status":"closed","ping_status":"closed","sticky":false,"template":"","format":"standard","meta":{"om_disable_all_campaigns":false,"_jetpack_memberships_contains_paid_content":false,"footnotes":""},"categories":[50,101,2],"tags":[197,696,33,19],"class_list":["post-102979","post","type-post","status-publish","format-standard","has-post-thumbnail","hentry","category-destacadas","category-interes-general-locales","category-locales","tag-buenos-aires","tag-interes-general","tag-locales","tag-san-pedro"],"aioseo_notices":[],"gutentor_comment":0,"jetpack_featured_media_url":"https:\/\/eldiariodesanpedro.com.ar\/sitio\/wp-content\/uploads\/2022\/01\/151622230111411-6fdrg3n7ga00.jpg","jetpack_shortlink":"https:\/\/wp.me\/p6RhLt-qMX","jetpack_sharing_enabled":true,"_links":{"self":[{"href":"https:\/\/eldiariodesanpedro.com.ar\/sitio\/wp-json\/wp\/v2\/posts\/102979","targetHints":{"allow":["GET"]}}],"collection":[{"href":"https:\/\/eldiariodesanpedro.com.ar\/sitio\/wp-json\/wp\/v2\/posts"}],"about":[{"href":"https:\/\/eldiariodesanpedro.com.ar\/sitio\/wp-json\/wp\/v2\/types\/post"}],"author":[{"embeddable":true,"href":"https:\/\/eldiariodesanpedro.com.ar\/sitio\/wp-json\/wp\/v2\/users\/4"}],"replies":[{"embeddable":true,"href":"https:\/\/eldiariodesanpedro.com.ar\/sitio\/wp-json\/wp\/v2\/comments?post=102979"}],"version-history":[{"count":1,"href":"https:\/\/eldiariodesanpedro.com.ar\/sitio\/wp-json\/wp\/v2\/posts\/102979\/revisions"}],"predecessor-version":[{"id":102981,"href":"https:\/\/eldiariodesanpedro.com.ar\/sitio\/wp-json\/wp\/v2\/posts\/102979\/revisions\/102981"}],"wp:featuredmedia":[{"embeddable":true,"href":"https:\/\/eldiariodesanpedro.com.ar\/sitio\/wp-json\/wp\/v2\/media\/102980"}],"wp:attachment":[{"href":"https:\/\/eldiariodesanpedro.com.ar\/sitio\/wp-json\/wp\/v2\/media?parent=102979"}],"wp:term":[{"taxonomy":"category","embeddable":true,"href":"https:\/\/eldiariodesanpedro.com.ar\/sitio\/wp-json\/wp\/v2\/categories?post=102979"},{"taxonomy":"post_tag","embeddable":true,"href":"https:\/\/eldiariodesanpedro.com.ar\/sitio\/wp-json\/wp\/v2\/tags?post=102979"}],"curies":[{"name":"wp","href":"https:\/\/api.w.org\/{rel}","templated":true}]}}