{"id":102967,"date":"2022-01-13T10:39:00","date_gmt":"2022-01-13T13:39:00","guid":{"rendered":"https:\/\/eldiariodesanpedro.com.ar\/sitio\/?p=102967"},"modified":"2022-01-13T10:39:02","modified_gmt":"2022-01-13T13:39:02","slug":"se-recupero-un-batan-que-fue-robado-en-el-ano-pasado-en-villa-jardin","status":"publish","type":"post","link":"https:\/\/eldiariodesanpedro.com.ar\/sitio\/se-recupero-un-batan-que-fue-robado-en-el-ano-pasado-en-villa-jardin\/","title":{"rendered":"Se recuper\u00f3 un bat\u00e1n que fue robado en el a\u00f1o pasado en Villa Jard\u00edn"},"content":{"rendered":"<!-- VideographyWP Plugin Message: Automatic video embedding prevented by plugin options. -->\n\n<p>Este mi\u00e9rcoles el personal del Gabinete Criminol\u00f3gico de la comisar\u00eda diligencio senda orden de allanamiento extendida por la justicia ordinaria, en calle bozzano al 700, donde procedi\u00f3 al secuestro de un bat\u00e1n de un eje fabricaci\u00f3n casera, que fuera denunciado como robado en Abril del a\u00f1o pasado en Camino Villa Jardin moj\u00f3n 300 donde funciona un vivero.&nbsp; La causa tuvo novedades tras lapso de tiempo prudencial y ampliadas tareas investigativas se solicit\u00f3 la orden judicial a la fiscal\u00eda actuante oportuna.<\/p>\n\n\n\n<p>Respecto del morador un masculino de 31 a\u00f1os de edad, fue imputado del delito de encubrimiento.<\/p>\n","protected":false},"excerpt":{"rendered":"<p>Este mi\u00e9rcoles el personal del Gabinete Criminol\u00f3gico de la comisar\u00eda diligencio senda orden de allanamiento extendida por la justicia ordinaria, en calle bozzano al 700, donde procedi\u00f3 al secuestro de un bat\u00e1n de un eje fabricaci\u00f3n casera, que fuera denunciado como robado en Abril del a\u00f1o pasado en Camino Villa Jardin moj\u00f3n 300 donde funciona [&hellip;]<\/p>\n","protected":false},"author":4,"featured_media":102968,"comment_status":"closed","ping_status":"closed","sticky":false,"template":"","format":"standard","meta":{"om_disable_all_campaigns":false,"_jetpack_memberships_contains_paid_content":false,"footnotes":""},"categories":[2,103],"tags":[197,33,95,19],"class_list":["post-102967","post","type-post","status-publish","format-standard","has-post-thumbnail","hentry","category-locales","category-policiales-locales","tag-buenos-aires","tag-locales","tag-policiales","tag-san-pedro"],"aioseo_notices":[],"gutentor_comment":0,"jetpack_featured_media_url":"https:\/\/eldiariodesanpedro.com.ar\/sitio\/wp-content\/uploads\/2022\/01\/WhatsApp-Image-2022-01-13-at-10.16.49.jpeg","jetpack_shortlink":"https:\/\/wp.me\/p6RhLt-qML","jetpack_sharing_enabled":true,"_links":{"self":[{"href":"https:\/\/eldiariodesanpedro.com.ar\/sitio\/wp-json\/wp\/v2\/posts\/102967","targetHints":{"allow":["GET"]}}],"collection":[{"href":"https:\/\/eldiariodesanpedro.com.ar\/sitio\/wp-json\/wp\/v2\/posts"}],"about":[{"href":"https:\/\/eldiariodesanpedro.com.ar\/sitio\/wp-json\/wp\/v2\/types\/post"}],"author":[{"embeddable":true,"href":"https:\/\/eldiariodesanpedro.com.ar\/sitio\/wp-json\/wp\/v2\/users\/4"}],"replies":[{"embeddable":true,"href":"https:\/\/eldiariodesanpedro.com.ar\/sitio\/wp-json\/wp\/v2\/comments?post=102967"}],"version-history":[{"count":1,"href":"https:\/\/eldiariodesanpedro.com.ar\/sitio\/wp-json\/wp\/v2\/posts\/102967\/revisions"}],"predecessor-version":[{"id":102969,"href":"https:\/\/eldiariodesanpedro.com.ar\/sitio\/wp-json\/wp\/v2\/posts\/102967\/revisions\/102969"}],"wp:featuredmedia":[{"embeddable":true,"href":"https:\/\/eldiariodesanpedro.com.ar\/sitio\/wp-json\/wp\/v2\/media\/102968"}],"wp:attachment":[{"href":"https:\/\/eldiariodesanpedro.com.ar\/sitio\/wp-json\/wp\/v2\/media?parent=102967"}],"wp:term":[{"taxonomy":"category","embeddable":true,"href":"https:\/\/eldiariodesanpedro.com.ar\/sitio\/wp-json\/wp\/v2\/categories?post=102967"},{"taxonomy":"post_tag","embeddable":true,"href":"https:\/\/eldiariodesanpedro.com.ar\/sitio\/wp-json\/wp\/v2\/tags?post=102967"}],"curies":[{"name":"wp","href":"https:\/\/api.w.org\/{rel}","templated":true}]}}