{"id":10295,"date":"2016-11-15T21:28:44","date_gmt":"2016-11-16T00:28:44","guid":{"rendered":"https:\/\/eldiariodesanpedro.com.ar\/sitio\/?p=10295"},"modified":"2016-11-15T21:28:44","modified_gmt":"2016-11-16T00:28:44","slug":"habria-desaparecido-un-joven-en-el-rio-arrecifes","status":"publish","type":"post","link":"https:\/\/eldiariodesanpedro.com.ar\/sitio\/habria-desaparecido-un-joven-en-el-rio-arrecifes\/","title":{"rendered":"Habr\u00eda desaparecido un joven en el r\u00edo Arrecifes"},"content":{"rendered":"<p><!-- VideographyWP Plugin Message: Automatic video embedding prevented by plugin options. --><br \/>\nEn el d\u00eda de hoy, alrededor de las 19.15, la comisar\u00eda local tom\u00f3 conocimiento de que en el puente ubicado sobre la ruta nacional 9 km 147, sobre del r\u00edo Arrecifes, un joven de 21 a\u00f1os de nacionalidad paraguaya, oriundo de Ramos Mej\u00eda, habr\u00eda llegado hasta all\u00ed para pescar con amigos. Por motivos que se tratan de establecer, se arroj\u00f3 al r\u00edo, pero seg\u00fan los amigos no volvi\u00f3 a salir.<br \/>\nAl cierre de la edici\u00f3n, se buscaba el paradero del joven. Por el momento, la UFI N\u00ba5 caratul\u00f3 el hecho como \u201cDesaparici\u00f3n de persona\u201d.<\/p>\n","protected":false},"excerpt":{"rendered":"<p>En el d\u00eda de hoy, alrededor de las 19.15, la comisar\u00eda local tom\u00f3 conocimiento de que en el puente ubicado sobre la ruta nacional 9 km 147, sobre del r\u00edo Arrecifes, un joven de 21 a\u00f1os de nacionalidad paraguaya, oriundo de Ramos Mej\u00eda, habr\u00eda llegado hasta all\u00ed para pescar con amigos. Por motivos que se [&hellip;]<\/p>\n","protected":false},"author":4,"featured_media":10296,"comment_status":"open","ping_status":"closed","sticky":false,"template":"","format":"standard","meta":{"om_disable_all_campaigns":false,"_jetpack_memberships_contains_paid_content":false,"footnotes":""},"categories":[50,2,103],"tags":[],"class_list":["post-10295","post","type-post","status-publish","format-standard","has-post-thumbnail","hentry","category-destacadas","category-locales","category-policiales-locales"],"aioseo_notices":[],"gutentor_comment":0,"jetpack_featured_media_url":"https:\/\/eldiariodesanpedro.com.ar\/sitio\/wp-content\/uploads\/2016\/11\/rio_arrecifes.jpg","jetpack_shortlink":"https:\/\/wp.me\/p6RhLt-2G3","jetpack_sharing_enabled":true,"_links":{"self":[{"href":"https:\/\/eldiariodesanpedro.com.ar\/sitio\/wp-json\/wp\/v2\/posts\/10295","targetHints":{"allow":["GET"]}}],"collection":[{"href":"https:\/\/eldiariodesanpedro.com.ar\/sitio\/wp-json\/wp\/v2\/posts"}],"about":[{"href":"https:\/\/eldiariodesanpedro.com.ar\/sitio\/wp-json\/wp\/v2\/types\/post"}],"author":[{"embeddable":true,"href":"https:\/\/eldiariodesanpedro.com.ar\/sitio\/wp-json\/wp\/v2\/users\/4"}],"replies":[{"embeddable":true,"href":"https:\/\/eldiariodesanpedro.com.ar\/sitio\/wp-json\/wp\/v2\/comments?post=10295"}],"version-history":[{"count":1,"href":"https:\/\/eldiariodesanpedro.com.ar\/sitio\/wp-json\/wp\/v2\/posts\/10295\/revisions"}],"predecessor-version":[{"id":10298,"href":"https:\/\/eldiariodesanpedro.com.ar\/sitio\/wp-json\/wp\/v2\/posts\/10295\/revisions\/10298"}],"wp:featuredmedia":[{"embeddable":true,"href":"https:\/\/eldiariodesanpedro.com.ar\/sitio\/wp-json\/wp\/v2\/media\/10296"}],"wp:attachment":[{"href":"https:\/\/eldiariodesanpedro.com.ar\/sitio\/wp-json\/wp\/v2\/media?parent=10295"}],"wp:term":[{"taxonomy":"category","embeddable":true,"href":"https:\/\/eldiariodesanpedro.com.ar\/sitio\/wp-json\/wp\/v2\/categories?post=10295"},{"taxonomy":"post_tag","embeddable":true,"href":"https:\/\/eldiariodesanpedro.com.ar\/sitio\/wp-json\/wp\/v2\/tags?post=10295"}],"curies":[{"name":"wp","href":"https:\/\/api.w.org\/{rel}","templated":true}]}}