{"id":102945,"date":"2022-01-12T21:03:48","date_gmt":"2022-01-13T00:03:48","guid":{"rendered":"https:\/\/eldiariodesanpedro.com.ar\/sitio\/?p=102945"},"modified":"2022-01-12T21:03:50","modified_gmt":"2022-01-13T00:03:50","slug":"reunion-en-el-ministerio-de-seguridad-de-la-provincia-por-los-casos-de-inseguridad-locales","status":"publish","type":"post","link":"https:\/\/eldiariodesanpedro.com.ar\/sitio\/reunion-en-el-ministerio-de-seguridad-de-la-provincia-por-los-casos-de-inseguridad-locales\/","title":{"rendered":"Reuni\u00f3n en el Ministerio de Seguridad de la Provincia por los casos de inseguridad locales"},"content":{"rendered":"<!-- VideographyWP Plugin Message: Automatic video embedding prevented by plugin options. -->\n\n<p>Los secretarios Mart\u00edn Baraybar y Eduardo Roleri junto al presidente del bloque del FdT Juan Cruz Gonz\u00e1lez viajaron hoy a La Plata para mantener una reuni\u00f3n en el Ministerio de Seguridad, con Santiago Sanguinetti, Director Provincial de Fiscalizaci\u00f3n y Control.<\/p>\n\n\n\n<p>La entrevista fue propicia para canalizar las inquietudes recibidas en los \u00faltimos d\u00edas, los temas planteados en la reuni\u00f3n de ayer con vecinos y funcionarios, y la preocupaci\u00f3n que existe ante los hechos denunciados en la zona.<\/p>\n\n\n\n<p>Dentro de las facultades de la Direcci\u00f3n de Fiscalizaci\u00f3n y Control se encuentra la gesti\u00f3n de recursos para las dependencias policiales y en ese sentido se recibi\u00f3 el compromiso de responder a las necesidades expresadas.<\/p>\n\n\n\n<p>Los funcionarios de la Secretaria de Producci\u00f3n, Industrias, Pymes, Comercios y Emprendedores y de la Secretar\u00eda de Seguridad, y el concejal Gonz\u00e1lez, trasmitieron a trav\u00e9s de esta charla con Sanguinetti el apoyo que desde el gobierno municipal se viene realizando para las tareas de prevenci\u00f3n, y la necesidad de respaldar a la comunidad y a las fuerzas de seguridad en este pedido.<\/p>\n","protected":false},"excerpt":{"rendered":"<p>Los secretarios Mart\u00edn Baraybar y Eduardo Roleri junto al presidente del bloque del FdT Juan Cruz Gonz\u00e1lez viajaron hoy a La Plata para mantener una reuni\u00f3n en el Ministerio de Seguridad, con Santiago Sanguinetti, Director Provincial de Fiscalizaci\u00f3n y Control. La entrevista fue propicia para canalizar las inquietudes recibidas en los \u00faltimos d\u00edas, los temas [&hellip;]<\/p>\n","protected":false},"author":4,"featured_media":102946,"comment_status":"closed","ping_status":"closed","sticky":false,"template":"","format":"standard","meta":{"om_disable_all_campaigns":false,"_jetpack_memberships_contains_paid_content":false,"footnotes":""},"categories":[50,101,2],"tags":[197,696,33,19],"class_list":["post-102945","post","type-post","status-publish","format-standard","has-post-thumbnail","hentry","category-destacadas","category-interes-general-locales","category-locales","tag-buenos-aires","tag-interes-general","tag-locales","tag-san-pedro"],"aioseo_notices":[],"gutentor_comment":0,"jetpack_featured_media_url":"https:\/\/eldiariodesanpedro.com.ar\/sitio\/wp-content\/uploads\/2022\/01\/medida-11.jpg","jetpack_shortlink":"https:\/\/wp.me\/p6RhLt-qMp","jetpack_sharing_enabled":true,"_links":{"self":[{"href":"https:\/\/eldiariodesanpedro.com.ar\/sitio\/wp-json\/wp\/v2\/posts\/102945","targetHints":{"allow":["GET"]}}],"collection":[{"href":"https:\/\/eldiariodesanpedro.com.ar\/sitio\/wp-json\/wp\/v2\/posts"}],"about":[{"href":"https:\/\/eldiariodesanpedro.com.ar\/sitio\/wp-json\/wp\/v2\/types\/post"}],"author":[{"embeddable":true,"href":"https:\/\/eldiariodesanpedro.com.ar\/sitio\/wp-json\/wp\/v2\/users\/4"}],"replies":[{"embeddable":true,"href":"https:\/\/eldiariodesanpedro.com.ar\/sitio\/wp-json\/wp\/v2\/comments?post=102945"}],"version-history":[{"count":1,"href":"https:\/\/eldiariodesanpedro.com.ar\/sitio\/wp-json\/wp\/v2\/posts\/102945\/revisions"}],"predecessor-version":[{"id":102947,"href":"https:\/\/eldiariodesanpedro.com.ar\/sitio\/wp-json\/wp\/v2\/posts\/102945\/revisions\/102947"}],"wp:featuredmedia":[{"embeddable":true,"href":"https:\/\/eldiariodesanpedro.com.ar\/sitio\/wp-json\/wp\/v2\/media\/102946"}],"wp:attachment":[{"href":"https:\/\/eldiariodesanpedro.com.ar\/sitio\/wp-json\/wp\/v2\/media?parent=102945"}],"wp:term":[{"taxonomy":"category","embeddable":true,"href":"https:\/\/eldiariodesanpedro.com.ar\/sitio\/wp-json\/wp\/v2\/categories?post=102945"},{"taxonomy":"post_tag","embeddable":true,"href":"https:\/\/eldiariodesanpedro.com.ar\/sitio\/wp-json\/wp\/v2\/tags?post=102945"}],"curies":[{"name":"wp","href":"https:\/\/api.w.org\/{rel}","templated":true}]}}