{"id":102930,"date":"2022-01-12T16:29:54","date_gmt":"2022-01-12T19:29:54","guid":{"rendered":"https:\/\/eldiariodesanpedro.com.ar\/sitio\/?p=102930"},"modified":"2022-01-12T16:29:56","modified_gmt":"2022-01-12T19:29:56","slug":"el-ex-bomberos-mas-complicado-habia-realizado-tareas-de-refacciones-en-una-casa-lindera-a-la-que-robaron","status":"publish","type":"post","link":"https:\/\/eldiariodesanpedro.com.ar\/sitio\/el-ex-bomberos-mas-complicado-habia-realizado-tareas-de-refacciones-en-una-casa-lindera-a-la-que-robaron\/","title":{"rendered":"El ex bomberos m\u00e1s complicado, hab\u00eda realizado tareas de refacciones en una casa lindera a la que robaron"},"content":{"rendered":"<!-- VideographyWP Plugin Message: Automatic video embedding prevented by plugin options. -->\n\n<p>Labores investigativas llevadas a cabo por parte de personal de la Sub DDI Baradero, lograron relacionar a los malvivientes detenidos en el hecho del que resultara damnificada la familia Sanso\/ Lorido de Ruta 191, con al menos la autor\u00eda del il\u00edcito cometido con misma modalidad, en domicilio de Ruta Nacional 9 Km 158, en este caso justific\u00e1ndose que el ex bombero Walter Alves, semanas antes de cometido el hecho estuvo trabajando en refacciones en la casa del hijo de las v\u00edctimas, lindera al lugar del hecho,&nbsp; y se logra determinar la identidad de otros dos posibles part\u00edcipes del mismo hecho, los que adem\u00e1s tambi\u00e9n podr\u00edan haber formado parte del grupo de malvivientes detenidos d\u00edas atr\u00e1s; ambos mayores de edad, residentes del Barrio Los Cazadores o mejor conocido como La Tosquera, y con frondosos antecedentes delictivos, habiendo purgado oportunamente penas restrictivas de la libertad imputados en la autor\u00eda de hechos de misma modalidad a la investigada, uno de ellos se encuentra&nbsp; gozando del beneficio de arresto domiciliario, imputado en hecho por el que fuera oportunamente aprehendido fug\u00e1ndose tras cometer il\u00edcito, en compa\u00f1\u00eda de sujeto domiciliado en Baradero y de un polic\u00eda numerario de CPR.<\/p>\n\n\n\n<p>En horas de la ma\u00f1ana del d\u00eda de hoy, a partir de las 05:30 horas personal de la Sub DDI, con colaboraci\u00f3n de personal de la EPC, CPR y GAD San Pedro, efectivizan diligencias de allanamiento en dos domicilios del Barrio La Tosquera, sitio donde se procede al secuestro de distintos elementos que podr\u00edan guardar relaci\u00f3n con el mismo il\u00edcito investigado, como as\u00ed tambi\u00e9n en otros cometidos en la zona empleando la misma modalidad. Asimismo en uno de los domicilios allanados se constata la estrecha relaci\u00f3n entre el investigado y un masculino empleado de fuerza de seguridad nacional(Prefectura), nativo de la Provincia de Misiones,&nbsp; enterada la Sra. Fiscal, dispone allanamiento de urgencia en su domicilio, en calle Ituzaing\u00f3 y Alvarado, donde&nbsp; se secuestraron elementos que ser\u00e1n sometidos a an\u00e1lisis para determinar participaci\u00f3n del morador en la autor\u00eda del hecho que se investiga&nbsp; y\/o en otros.<\/p>\n\n\n\n<p>De momento no se dispusieron medidas restrictivas de las libertades de los investigados, siendo estos notificados de la causa.<\/p>\n\n\n\n<div class=\"wp-block-image\"><figure class=\"aligncenter size-full\"><img decoding=\"async\" width=\"473\" height=\"630\" data-attachment-id=\"102933\" data-permalink=\"https:\/\/eldiariodesanpedro.com.ar\/sitio\/el-ex-bomberos-mas-complicado-habia-realizado-tareas-de-refacciones-en-una-casa-lindera-a-la-que-robaron\/271489309_2182801415191677_6215726399344546853_n\/\" data-orig-file=\"https:\/\/eldiariodesanpedro.com.ar\/sitio\/wp-content\/uploads\/2022\/01\/271489309_2182801415191677_6215726399344546853_n.jpg\" data-orig-size=\"473,630\" data-comments-opened=\"0\" data-image-meta=\"{&quot;aperture&quot;:&quot;0&quot;,&quot;credit&quot;:&quot;&quot;,&quot;camera&quot;:&quot;&quot;,&quot;caption&quot;:&quot;&quot;,&quot;created_timestamp&quot;:&quot;0&quot;,&quot;copyright&quot;:&quot;&quot;,&quot;focal_length&quot;:&quot;0&quot;,&quot;iso&quot;:&quot;0&quot;,&quot;shutter_speed&quot;:&quot;0&quot;,&quot;title&quot;:&quot;&quot;,&quot;orientation&quot;:&quot;0&quot;}\" data-image-title=\"271489309_2182801415191677_6215726399344546853_n\" data-image-description=\"\" data-image-caption=\"\" data-large-file=\"https:\/\/eldiariodesanpedro.com.ar\/sitio\/wp-content\/uploads\/2022\/01\/271489309_2182801415191677_6215726399344546853_n.jpg\" data-src=\"https:\/\/eldiariodesanpedro.com.ar\/sitio\/wp-content\/uploads\/2022\/01\/271489309_2182801415191677_6215726399344546853_n.jpg\" alt=\"\" class=\"wp-image-102933 lazyload\" data-srcset=\"https:\/\/eldiariodesanpedro.com.ar\/sitio\/wp-content\/uploads\/2022\/01\/271489309_2182801415191677_6215726399344546853_n.jpg 473w, https:\/\/eldiariodesanpedro.com.ar\/sitio\/wp-content\/uploads\/2022\/01\/271489309_2182801415191677_6215726399344546853_n-225x300.jpg 225w\" data-sizes=\"(max-width: 473px) 100vw, 473px\" src=\"data:image\/svg+xml;base64,PHN2ZyB3aWR0aD0iMSIgaGVpZ2h0PSIxIiB4bWxucz0iaHR0cDovL3d3dy53My5vcmcvMjAwMC9zdmciPjwvc3ZnPg==\" style=\"--smush-placeholder-width: 473px; --smush-placeholder-aspect-ratio: 473\/630;\" \/><\/figure><\/div>\n","protected":false},"excerpt":{"rendered":"<p>Labores investigativas llevadas a cabo por parte de personal de la Sub DDI Baradero, lograron relacionar a los malvivientes detenidos en el hecho del que resultara damnificada la familia Sanso\/ Lorido de Ruta 191, con al menos la autor\u00eda del il\u00edcito cometido con misma modalidad, en domicilio de Ruta Nacional 9 Km 158, en este [&hellip;]<\/p>\n","protected":false},"author":4,"featured_media":102934,"comment_status":"closed","ping_status":"closed","sticky":false,"template":"","format":"standard","meta":{"om_disable_all_campaigns":false,"_jetpack_memberships_contains_paid_content":false,"footnotes":""},"categories":[50,2,103],"tags":[197,2615,2616,696,33,19],"class_list":["post-102930","post","type-post","status-publish","format-standard","has-post-thumbnail","hentry","category-destacadas","category-locales","category-policiales-locales","tag-buenos-aires","tag-el-ex-bomberos-mas-complicado","tag-habia-realizado-tareas-de-refacciones-en-una-casa-lindera-a-la-que-robaron","tag-interes-general","tag-locales","tag-san-pedro"],"aioseo_notices":[],"gutentor_comment":0,"jetpack_featured_media_url":"https:\/\/eldiariodesanpedro.com.ar\/sitio\/wp-content\/uploads\/2022\/01\/medida-10.jpg","jetpack_shortlink":"https:\/\/wp.me\/p6RhLt-qMa","jetpack_sharing_enabled":true,"_links":{"self":[{"href":"https:\/\/eldiariodesanpedro.com.ar\/sitio\/wp-json\/wp\/v2\/posts\/102930","targetHints":{"allow":["GET"]}}],"collection":[{"href":"https:\/\/eldiariodesanpedro.com.ar\/sitio\/wp-json\/wp\/v2\/posts"}],"about":[{"href":"https:\/\/eldiariodesanpedro.com.ar\/sitio\/wp-json\/wp\/v2\/types\/post"}],"author":[{"embeddable":true,"href":"https:\/\/eldiariodesanpedro.com.ar\/sitio\/wp-json\/wp\/v2\/users\/4"}],"replies":[{"embeddable":true,"href":"https:\/\/eldiariodesanpedro.com.ar\/sitio\/wp-json\/wp\/v2\/comments?post=102930"}],"version-history":[{"count":1,"href":"https:\/\/eldiariodesanpedro.com.ar\/sitio\/wp-json\/wp\/v2\/posts\/102930\/revisions"}],"predecessor-version":[{"id":102935,"href":"https:\/\/eldiariodesanpedro.com.ar\/sitio\/wp-json\/wp\/v2\/posts\/102930\/revisions\/102935"}],"wp:featuredmedia":[{"embeddable":true,"href":"https:\/\/eldiariodesanpedro.com.ar\/sitio\/wp-json\/wp\/v2\/media\/102934"}],"wp:attachment":[{"href":"https:\/\/eldiariodesanpedro.com.ar\/sitio\/wp-json\/wp\/v2\/media?parent=102930"}],"wp:term":[{"taxonomy":"category","embeddable":true,"href":"https:\/\/eldiariodesanpedro.com.ar\/sitio\/wp-json\/wp\/v2\/categories?post=102930"},{"taxonomy":"post_tag","embeddable":true,"href":"https:\/\/eldiariodesanpedro.com.ar\/sitio\/wp-json\/wp\/v2\/tags?post=102930"}],"curies":[{"name":"wp","href":"https:\/\/api.w.org\/{rel}","templated":true}]}}