{"id":10293,"date":"2016-11-15T21:04:55","date_gmt":"2016-11-16T00:04:55","guid":{"rendered":"https:\/\/eldiariodesanpedro.com.ar\/sitio\/?p=10293"},"modified":"2016-11-15T21:04:55","modified_gmt":"2016-11-16T00:04:55","slug":"identificaron-al-grupo-del-agresor-dentro-del-cual-esta-el-homicida","status":"publish","type":"post","link":"https:\/\/eldiariodesanpedro.com.ar\/sitio\/identificaron-al-grupo-del-agresor-dentro-del-cual-esta-el-homicida\/","title":{"rendered":"Identificaron al grupo del agresor, dentro del cual est\u00e1 el homicida"},"content":{"rendered":"<p><!-- VideographyWP Plugin Message: Automatic video embedding prevented by plugin options. --><br \/>\nEl Dr. Marcelo Manso, quien est\u00e1 a cargo de la investigaci\u00f3n del homicidio ocurrido en el local bailable, relat\u00f3 a El Diario que \u00abse dispuso la presencia de un oficial en el lugar en el d\u00eda del hecho, se solicit\u00f3 las c\u00e1maras de seguridad y se pudo recuperar la filmaci\u00f3n de una de las c\u00e1maras del lugar, y se recolect\u00f3 evidencia f\u00edsica a trav\u00e9s de Polic\u00eda Cient\u00edfica\u201d. <\/p>\n<p>Adem\u00e1s, agreg\u00f3 que desde el mediod\u00eda hasta la noche del lunes, se comenz\u00f3 con la recolecci\u00f3n de testimonios de \u201centre 15 y 20 testigos\u201d. \u201cDe cualquier manera se volver\u00eda a tomar declaraci\u00f3n durante el d\u00eda martes. Los testigos son amigos o cercanos a las dos bandas que se enfrentaron entre ellos. Hay mayores y menores de edad\u00bb, aclar\u00f3. <\/p>\n<p>Tambi\u00e9n el Dr. Manso se\u00f1al\u00f3 que la Polic\u00eda Cient\u00edfica recogi\u00f3 material f\u00edsico fuera y dentro del local, y seg\u00fan el peritaje realizado, el hecho en s\u00ed habr\u00eda ocurrido dentro del local. Esto demuestran las pruebas que se tienen hasta el d\u00eda de hoy, por lo que quiz\u00e1s a medida que avance la investigaci\u00f3n esto varie. <\/p>\n<p>Sobre el control de las personas responsables de la seguridad y de no permitir el ingreso de armas, el fiscal se refiri\u00f3 a que el lugar ten\u00eda detectores de metales, pero seg\u00fan los testigos la mayor\u00eda de ellos no fueron revisados, aunque no le consta a la fiscal\u00eda que haya sido igual para todos los concurrentes.<\/p>\n<p>A pesar de los testimonios y de las pruebas de las c\u00e1maras de seguridad, hasta el momento solo se pudo reconocer al grupo de personas en el que se encuentra el autor del hecho, pero todav\u00eda no se pudo determinar puntualmente qui\u00e9n fue el homicida. <\/p>\n<p>En el d\u00eda de hoy, la fiscal\u00eda estar\u00eda en condiciones de poder pedir la orden de detenci\u00f3n y proceder con ello.<\/p>\n","protected":false},"excerpt":{"rendered":"<p>El Dr. Marcelo Manso, quien est\u00e1 a cargo de la investigaci\u00f3n del homicidio ocurrido en el local bailable, relat\u00f3 a El Diario que \u00abse dispuso la presencia de un oficial en el lugar en el d\u00eda del hecho, se solicit\u00f3 las c\u00e1maras de seguridad y se pudo recuperar la filmaci\u00f3n de una de las c\u00e1maras [&hellip;]<\/p>\n","protected":false},"author":4,"featured_media":8068,"comment_status":"open","ping_status":"closed","sticky":false,"template":"","format":"standard","meta":{"om_disable_all_campaigns":false,"_jetpack_memberships_contains_paid_content":false,"footnotes":""},"categories":[2,103],"tags":[],"class_list":["post-10293","post","type-post","status-publish","format-standard","has-post-thumbnail","hentry","category-locales","category-policiales-locales"],"aioseo_notices":[],"gutentor_comment":0,"jetpack_featured_media_url":"https:\/\/eldiariodesanpedro.com.ar\/sitio\/wp-content\/uploads\/2016\/09\/marcelo-manso.jpg","jetpack_shortlink":"https:\/\/wp.me\/p6RhLt-2G1","jetpack_sharing_enabled":true,"_links":{"self":[{"href":"https:\/\/eldiariodesanpedro.com.ar\/sitio\/wp-json\/wp\/v2\/posts\/10293","targetHints":{"allow":["GET"]}}],"collection":[{"href":"https:\/\/eldiariodesanpedro.com.ar\/sitio\/wp-json\/wp\/v2\/posts"}],"about":[{"href":"https:\/\/eldiariodesanpedro.com.ar\/sitio\/wp-json\/wp\/v2\/types\/post"}],"author":[{"embeddable":true,"href":"https:\/\/eldiariodesanpedro.com.ar\/sitio\/wp-json\/wp\/v2\/users\/4"}],"replies":[{"embeddable":true,"href":"https:\/\/eldiariodesanpedro.com.ar\/sitio\/wp-json\/wp\/v2\/comments?post=10293"}],"version-history":[{"count":1,"href":"https:\/\/eldiariodesanpedro.com.ar\/sitio\/wp-json\/wp\/v2\/posts\/10293\/revisions"}],"predecessor-version":[{"id":10294,"href":"https:\/\/eldiariodesanpedro.com.ar\/sitio\/wp-json\/wp\/v2\/posts\/10293\/revisions\/10294"}],"wp:featuredmedia":[{"embeddable":true,"href":"https:\/\/eldiariodesanpedro.com.ar\/sitio\/wp-json\/wp\/v2\/media\/8068"}],"wp:attachment":[{"href":"https:\/\/eldiariodesanpedro.com.ar\/sitio\/wp-json\/wp\/v2\/media?parent=10293"}],"wp:term":[{"taxonomy":"category","embeddable":true,"href":"https:\/\/eldiariodesanpedro.com.ar\/sitio\/wp-json\/wp\/v2\/categories?post=10293"},{"taxonomy":"post_tag","embeddable":true,"href":"https:\/\/eldiariodesanpedro.com.ar\/sitio\/wp-json\/wp\/v2\/tags?post=10293"}],"curies":[{"name":"wp","href":"https:\/\/api.w.org\/{rel}","templated":true}]}}