{"id":102927,"date":"2022-01-12T16:17:42","date_gmt":"2022-01-12T19:17:42","guid":{"rendered":"https:\/\/eldiariodesanpedro.com.ar\/sitio\/?p=102927"},"modified":"2022-01-12T16:22:29","modified_gmt":"2022-01-12T19:22:29","slug":"allanamientos-y-seceustros-por-el-robo-del-barrio-el-escorial","status":"publish","type":"post","link":"https:\/\/eldiariodesanpedro.com.ar\/sitio\/allanamientos-y-seceustros-por-el-robo-del-barrio-el-escorial\/","title":{"rendered":"Allanamientos y seceustros por el robo del Barrio El Escorial"},"content":{"rendered":"<!-- VideographyWP Plugin Message: Automatic video embedding prevented by plugin options. -->\n\n<p>En la jornada de ayer, tras averiguaciones practicadas por el G.T.O, an\u00e1lisis c\u00e1maras de seguridad, datos obtenidos, identific\u00f3 autores materiales del robo efectuado el pasado lunes en instalaciones de calle Arcuri al 500.&nbsp;<\/p>\n\n\n\n<p>La justicia ordinaria extendi\u00f3 sendas \u00f3rdenes allanamiento, diligenciando un amplio dispositivo de unos 50 efectivos policiales compuesto por personal del gabinete criminol\u00f3gico de la comisar\u00eda, DDI, GAD.&nbsp;<\/p>\n\n\n\n<p>El primer objetivo fue en calle Alvear 1600 secuestro se purificador blanco, prendas vestir buscadas usadas por delincuentes y planta marihuana, trasladando imputado un ciudadano de 38 a\u00f1os.<\/p>\n\n\n\n<p>El segundo domicilio allanado tambi\u00e9n ubicado en calle Alvear al 1600 secuestr\u00f3 prendas de vestir buscadas usadas por delincuentes, trasladando al imputado a un joven de 20 a\u00f1os.&nbsp;<\/p>\n\n\n\n<p>Un tercer objetivo ocurri\u00f3 en calle Fray del Pozo al 2000 secuestran prendas de vestir buscadas usadas por delincuentes, dos plantas marihuana, trasladando al imputado un ciudadano de 24 a\u00f1os.&nbsp;<\/p>\n\n\n\n<p>El \u00faltimo domicilio allanado fue en calle Alvear 1650 secuestros prendas vestir buscadas usadas por delincuentes, ausente imputado un joven de 19 a\u00f1os.&nbsp;<\/p>\n\n\n\n<p>Interviene la fiscal\u00eda 11 local, dispuso notificaci\u00f3n imputados por \u201cRobo e Infracci\u00f3n Ley 23737\u201d, continuando su proceso penal.&nbsp;<\/p>\n\n\n\n<p>Se profundizan averiguaciones tendientes a su total esclarecimiento\u00a0\u00a0\u00a0<\/p>\n\n\n\n<figure class=\"wp-block-image size-full\"><img decoding=\"async\" width=\"540\" height=\"488\" data-attachment-id=\"102931\" data-permalink=\"https:\/\/eldiariodesanpedro.com.ar\/sitio\/allanamientos-y-seceustros-por-el-robo-del-barrio-el-escorial\/271670714_2182350655236753_8395581214260167846_n\/\" data-orig-file=\"https:\/\/eldiariodesanpedro.com.ar\/sitio\/wp-content\/uploads\/2022\/01\/271670714_2182350655236753_8395581214260167846_n.jpg\" data-orig-size=\"540,488\" data-comments-opened=\"0\" data-image-meta=\"{&quot;aperture&quot;:&quot;0&quot;,&quot;credit&quot;:&quot;&quot;,&quot;camera&quot;:&quot;&quot;,&quot;caption&quot;:&quot;&quot;,&quot;created_timestamp&quot;:&quot;0&quot;,&quot;copyright&quot;:&quot;&quot;,&quot;focal_length&quot;:&quot;0&quot;,&quot;iso&quot;:&quot;0&quot;,&quot;shutter_speed&quot;:&quot;0&quot;,&quot;title&quot;:&quot;&quot;,&quot;orientation&quot;:&quot;0&quot;}\" data-image-title=\"271670714_2182350655236753_8395581214260167846_n\" data-image-description=\"\" data-image-caption=\"\" data-large-file=\"https:\/\/eldiariodesanpedro.com.ar\/sitio\/wp-content\/uploads\/2022\/01\/271670714_2182350655236753_8395581214260167846_n.jpg\" data-src=\"https:\/\/eldiariodesanpedro.com.ar\/sitio\/wp-content\/uploads\/2022\/01\/271670714_2182350655236753_8395581214260167846_n.jpg\" alt=\"\" class=\"wp-image-102931 lazyload\" data-srcset=\"https:\/\/eldiariodesanpedro.com.ar\/sitio\/wp-content\/uploads\/2022\/01\/271670714_2182350655236753_8395581214260167846_n.jpg 540w, https:\/\/eldiariodesanpedro.com.ar\/sitio\/wp-content\/uploads\/2022\/01\/271670714_2182350655236753_8395581214260167846_n-300x271.jpg 300w\" data-sizes=\"(max-width: 540px) 100vw, 540px\" src=\"data:image\/svg+xml;base64,PHN2ZyB3aWR0aD0iMSIgaGVpZ2h0PSIxIiB4bWxucz0iaHR0cDovL3d3dy53My5vcmcvMjAwMC9zdmciPjwvc3ZnPg==\" style=\"--smush-placeholder-width: 540px; --smush-placeholder-aspect-ratio: 540\/488;\" \/><\/figure>\n","protected":false},"excerpt":{"rendered":"<p>En la jornada de ayer, tras averiguaciones practicadas por el G.T.O, an\u00e1lisis c\u00e1maras de seguridad, datos obtenidos, identific\u00f3 autores materiales del robo efectuado el pasado lunes en instalaciones de calle Arcuri al 500.&nbsp; La justicia ordinaria extendi\u00f3 sendas \u00f3rdenes allanamiento, diligenciando un amplio dispositivo de unos 50 efectivos policiales compuesto por personal del gabinete criminol\u00f3gico [&hellip;]<\/p>\n","protected":false},"author":4,"featured_media":102928,"comment_status":"closed","ping_status":"closed","sticky":false,"template":"","format":"standard","meta":{"om_disable_all_campaigns":false,"_jetpack_memberships_contains_paid_content":false,"footnotes":""},"categories":[50,2,103],"tags":[2614,197,33,95,19],"class_list":["post-102927","post","type-post","status-publish","format-standard","has-post-thumbnail","hentry","category-destacadas","category-locales","category-policiales-locales","tag-allanamientos-y-seceustros-por-el-robo-del-barrio-el-escorial","tag-buenos-aires","tag-locales","tag-policiales","tag-san-pedro"],"aioseo_notices":[],"gutentor_comment":0,"jetpack_featured_media_url":"https:\/\/eldiariodesanpedro.com.ar\/sitio\/wp-content\/uploads\/2022\/01\/medida-9.jpg","jetpack_shortlink":"https:\/\/wp.me\/p6RhLt-qM7","jetpack_sharing_enabled":true,"_links":{"self":[{"href":"https:\/\/eldiariodesanpedro.com.ar\/sitio\/wp-json\/wp\/v2\/posts\/102927","targetHints":{"allow":["GET"]}}],"collection":[{"href":"https:\/\/eldiariodesanpedro.com.ar\/sitio\/wp-json\/wp\/v2\/posts"}],"about":[{"href":"https:\/\/eldiariodesanpedro.com.ar\/sitio\/wp-json\/wp\/v2\/types\/post"}],"author":[{"embeddable":true,"href":"https:\/\/eldiariodesanpedro.com.ar\/sitio\/wp-json\/wp\/v2\/users\/4"}],"replies":[{"embeddable":true,"href":"https:\/\/eldiariodesanpedro.com.ar\/sitio\/wp-json\/wp\/v2\/comments?post=102927"}],"version-history":[{"count":2,"href":"https:\/\/eldiariodesanpedro.com.ar\/sitio\/wp-json\/wp\/v2\/posts\/102927\/revisions"}],"predecessor-version":[{"id":102932,"href":"https:\/\/eldiariodesanpedro.com.ar\/sitio\/wp-json\/wp\/v2\/posts\/102927\/revisions\/102932"}],"wp:featuredmedia":[{"embeddable":true,"href":"https:\/\/eldiariodesanpedro.com.ar\/sitio\/wp-json\/wp\/v2\/media\/102928"}],"wp:attachment":[{"href":"https:\/\/eldiariodesanpedro.com.ar\/sitio\/wp-json\/wp\/v2\/media?parent=102927"}],"wp:term":[{"taxonomy":"category","embeddable":true,"href":"https:\/\/eldiariodesanpedro.com.ar\/sitio\/wp-json\/wp\/v2\/categories?post=102927"},{"taxonomy":"post_tag","embeddable":true,"href":"https:\/\/eldiariodesanpedro.com.ar\/sitio\/wp-json\/wp\/v2\/tags?post=102927"}],"curies":[{"name":"wp","href":"https:\/\/api.w.org\/{rel}","templated":true}]}}