{"id":102925,"date":"2022-01-12T16:06:47","date_gmt":"2022-01-12T19:06:47","guid":{"rendered":"https:\/\/eldiariodesanpedro.com.ar\/sitio\/?p=102925"},"modified":"2022-01-12T16:06:49","modified_gmt":"2022-01-12T19:06:49","slug":"robaron-una-garrafa-y-unos-cuchillos-en-una-vivienda-2","status":"publish","type":"post","link":"https:\/\/eldiariodesanpedro.com.ar\/sitio\/robaron-una-garrafa-y-unos-cuchillos-en-una-vivienda-2\/","title":{"rendered":"Robaron una garrafa y unos cuchillos en una vivienda"},"content":{"rendered":"<!-- VideographyWP Plugin Message: Automatic video embedding prevented by plugin options. -->\n\n<p>En la jornada de ayer se realiz\u00f3 una denuncia en la comisar\u00eda local por parte de una mujer al cual autores ignorados ingresaron a su domicilio y se llevaron art\u00edculos de valor.<\/p>\n\n\n\n<p>El hecho ocurri\u00f3 en la jornada de ayer en una vivienda ubicada en calle Manuel Iglesis al 900 donde sujetos ignorados ingresaron a la finca tras da\u00f1ar reja, sustrayendo una garrafa de 15 kg y dos cuchillos artesanales.<\/p>\n\n\n\n<p>La polic\u00eda investiga el hecho y realiza las diligencias necesarias para dar con los elementos.<\/p>\n","protected":false},"excerpt":{"rendered":"<p>En la jornada de ayer se realiz\u00f3 una denuncia en la comisar\u00eda local por parte de una mujer al cual autores ignorados ingresaron a su domicilio y se llevaron art\u00edculos de valor. El hecho ocurri\u00f3 en la jornada de ayer en una vivienda ubicada en calle Manuel Iglesis al 900 donde sujetos ignorados ingresaron a [&hellip;]<\/p>\n","protected":false},"author":4,"featured_media":45394,"comment_status":"closed","ping_status":"closed","sticky":false,"template":"","format":"standard","meta":{"om_disable_all_campaigns":false,"_jetpack_memberships_contains_paid_content":false,"footnotes":""},"categories":[2,103],"tags":[197,33,95,19],"class_list":["post-102925","post","type-post","status-publish","format-standard","has-post-thumbnail","hentry","category-locales","category-policiales-locales","tag-buenos-aires","tag-locales","tag-policiales","tag-san-pedro"],"aioseo_notices":[],"gutentor_comment":0,"jetpack_featured_media_url":"https:\/\/eldiariodesanpedro.com.ar\/sitio\/wp-content\/uploads\/2019\/01\/comisaria.jpg","jetpack_shortlink":"https:\/\/wp.me\/p6RhLt-qM5","jetpack_sharing_enabled":true,"_links":{"self":[{"href":"https:\/\/eldiariodesanpedro.com.ar\/sitio\/wp-json\/wp\/v2\/posts\/102925","targetHints":{"allow":["GET"]}}],"collection":[{"href":"https:\/\/eldiariodesanpedro.com.ar\/sitio\/wp-json\/wp\/v2\/posts"}],"about":[{"href":"https:\/\/eldiariodesanpedro.com.ar\/sitio\/wp-json\/wp\/v2\/types\/post"}],"author":[{"embeddable":true,"href":"https:\/\/eldiariodesanpedro.com.ar\/sitio\/wp-json\/wp\/v2\/users\/4"}],"replies":[{"embeddable":true,"href":"https:\/\/eldiariodesanpedro.com.ar\/sitio\/wp-json\/wp\/v2\/comments?post=102925"}],"version-history":[{"count":1,"href":"https:\/\/eldiariodesanpedro.com.ar\/sitio\/wp-json\/wp\/v2\/posts\/102925\/revisions"}],"predecessor-version":[{"id":102926,"href":"https:\/\/eldiariodesanpedro.com.ar\/sitio\/wp-json\/wp\/v2\/posts\/102925\/revisions\/102926"}],"wp:featuredmedia":[{"embeddable":true,"href":"https:\/\/eldiariodesanpedro.com.ar\/sitio\/wp-json\/wp\/v2\/media\/45394"}],"wp:attachment":[{"href":"https:\/\/eldiariodesanpedro.com.ar\/sitio\/wp-json\/wp\/v2\/media?parent=102925"}],"wp:term":[{"taxonomy":"category","embeddable":true,"href":"https:\/\/eldiariodesanpedro.com.ar\/sitio\/wp-json\/wp\/v2\/categories?post=102925"},{"taxonomy":"post_tag","embeddable":true,"href":"https:\/\/eldiariodesanpedro.com.ar\/sitio\/wp-json\/wp\/v2\/tags?post=102925"}],"curies":[{"name":"wp","href":"https:\/\/api.w.org\/{rel}","templated":true}]}}