{"id":102920,"date":"2022-01-12T15:53:01","date_gmt":"2022-01-12T18:53:01","guid":{"rendered":"https:\/\/eldiariodesanpedro.com.ar\/sitio\/?p=102920"},"modified":"2022-01-12T15:53:03","modified_gmt":"2022-01-12T18:53:03","slug":"se-recupera-una-motocicleta-que-habia-sido-robada","status":"publish","type":"post","link":"https:\/\/eldiariodesanpedro.com.ar\/sitio\/se-recupera-una-motocicleta-que-habia-sido-robada\/","title":{"rendered":"Se recupera una motocicleta que hab\u00eda sido robada"},"content":{"rendered":"<!-- VideographyWP Plugin Message: Automatic video embedding prevented by plugin options. -->\n\n<p>La polic\u00eda tras r\u00e1pido proceder este martes se hace presente en calle Gomendio y Caseros donde logr\u00f3 el secuestr\u00f3 de una motocicleta abandonada, sustra\u00edda sin violencia\u00a0 momentos antes de vereda Salta y Caseros propiedad un ciudadano de 45 a\u00f1os. Elemento restituido. Se procura autor\u00eda. Int. UFI 05.-\u00a0<\/p>\n","protected":false},"excerpt":{"rendered":"<p>La polic\u00eda tras r\u00e1pido proceder este martes se hace presente en calle Gomendio y Caseros donde logr\u00f3 el secuestr\u00f3 de una motocicleta abandonada, sustra\u00edda sin violencia\u00a0 momentos antes de vereda Salta y Caseros propiedad un ciudadano de 45 a\u00f1os. Elemento restituido. Se procura autor\u00eda. Int. UFI 05.-\u00a0<\/p>\n","protected":false},"author":4,"featured_media":102921,"comment_status":"closed","ping_status":"closed","sticky":false,"template":"","format":"standard","meta":{"om_disable_all_campaigns":false,"_jetpack_memberships_contains_paid_content":false,"footnotes":""},"categories":[2,103],"tags":[197,33,95,19],"class_list":["post-102920","post","type-post","status-publish","format-standard","has-post-thumbnail","hentry","category-locales","category-policiales-locales","tag-buenos-aires","tag-locales","tag-policiales","tag-san-pedro"],"aioseo_notices":[],"gutentor_comment":0,"jetpack_featured_media_url":"https:\/\/eldiariodesanpedro.com.ar\/sitio\/wp-content\/uploads\/2022\/01\/medida-8.jpg","jetpack_shortlink":"https:\/\/wp.me\/p6RhLt-qM0","jetpack_sharing_enabled":true,"_links":{"self":[{"href":"https:\/\/eldiariodesanpedro.com.ar\/sitio\/wp-json\/wp\/v2\/posts\/102920","targetHints":{"allow":["GET"]}}],"collection":[{"href":"https:\/\/eldiariodesanpedro.com.ar\/sitio\/wp-json\/wp\/v2\/posts"}],"about":[{"href":"https:\/\/eldiariodesanpedro.com.ar\/sitio\/wp-json\/wp\/v2\/types\/post"}],"author":[{"embeddable":true,"href":"https:\/\/eldiariodesanpedro.com.ar\/sitio\/wp-json\/wp\/v2\/users\/4"}],"replies":[{"embeddable":true,"href":"https:\/\/eldiariodesanpedro.com.ar\/sitio\/wp-json\/wp\/v2\/comments?post=102920"}],"version-history":[{"count":1,"href":"https:\/\/eldiariodesanpedro.com.ar\/sitio\/wp-json\/wp\/v2\/posts\/102920\/revisions"}],"predecessor-version":[{"id":102922,"href":"https:\/\/eldiariodesanpedro.com.ar\/sitio\/wp-json\/wp\/v2\/posts\/102920\/revisions\/102922"}],"wp:featuredmedia":[{"embeddable":true,"href":"https:\/\/eldiariodesanpedro.com.ar\/sitio\/wp-json\/wp\/v2\/media\/102921"}],"wp:attachment":[{"href":"https:\/\/eldiariodesanpedro.com.ar\/sitio\/wp-json\/wp\/v2\/media?parent=102920"}],"wp:term":[{"taxonomy":"category","embeddable":true,"href":"https:\/\/eldiariodesanpedro.com.ar\/sitio\/wp-json\/wp\/v2\/categories?post=102920"},{"taxonomy":"post_tag","embeddable":true,"href":"https:\/\/eldiariodesanpedro.com.ar\/sitio\/wp-json\/wp\/v2\/tags?post=102920"}],"curies":[{"name":"wp","href":"https:\/\/api.w.org\/{rel}","templated":true}]}}