{"id":102918,"date":"2022-01-12T13:13:57","date_gmt":"2022-01-12T16:13:57","guid":{"rendered":"https:\/\/eldiariodesanpedro.com.ar\/sitio\/?p=102918"},"modified":"2022-01-12T13:13:59","modified_gmt":"2022-01-12T16:13:59","slug":"le-negaron-la-excarcelacion-a-los-tres-detenidos-por-el-robo-al-vivero-entre-ellos-esta-el-ex-bombero","status":"publish","type":"post","link":"https:\/\/eldiariodesanpedro.com.ar\/sitio\/le-negaron-la-excarcelacion-a-los-tres-detenidos-por-el-robo-al-vivero-entre-ellos-esta-el-ex-bombero\/","title":{"rendered":"Le negaron la excarcelaci\u00f3n a los tres detenidos por el robo al vivero, entre ellos est\u00e1 el ex bombero"},"content":{"rendered":"<!-- VideographyWP Plugin Message: Automatic video embedding prevented by plugin options. -->\n\n<p>El juzgado de garant\u00edas de San Nicol\u00e1s que tiene a cargo a los tres detenidos y peligrosos delincuentes de una banda organizada en lo que est\u00e1n involucrados un sampedrino (bomberos)&nbsp; y dos de Pilar que asaltara a una familia el pasado 5 de enero en ruta 191 km 8.5 c\u00f3mo as\u00ed atentaron disparando armas de fuego contra la vida de los polic\u00edas que promov\u00eda su detenci\u00f3n,&nbsp; les neg\u00f3 la excarcelaci\u00f3n en el d\u00eda de hoy&nbsp; y orden\u00f3 su remisi\u00f3n a unidad carcelaria para continuar detenidos por los graves delitos que se les imputa de \u201crobo calificado en despoblado y en banda, atentado a la autoridad, usurpaci\u00f3n de t\u00edtulos y honores, portaci\u00f3n y tenencia de arma de fuego de guerra, robo, hurto automotor, falsificaci\u00f3n,&nbsp; adulteraci\u00f3n y&nbsp; supresi\u00f3n&nbsp; automotor\u201d.&nbsp;<\/p>\n\n\n\n<p>Se espera la asignaci\u00f3n de cupo para su traslado a la c\u00e1rcel.<\/p>\n\n\n\n<figure class=\"wp-block-image size-large\"><img decoding=\"async\" width=\"1024\" height=\"497\" data-attachment-id=\"102915\" data-permalink=\"https:\/\/eldiariodesanpedro.com.ar\/sitio\/20220106_113356\/\" data-orig-file=\"https:\/\/eldiariodesanpedro.com.ar\/sitio\/wp-content\/uploads\/2022\/01\/20220106_113356.jpg\" data-orig-size=\"1200,583\" data-comments-opened=\"0\" data-image-meta=\"{&quot;aperture&quot;:&quot;1.7&quot;,&quot;credit&quot;:&quot;&quot;,&quot;camera&quot;:&quot;SM-G955F&quot;,&quot;caption&quot;:&quot;&quot;,&quot;created_timestamp&quot;:&quot;1641468836&quot;,&quot;copyright&quot;:&quot;&quot;,&quot;focal_length&quot;:&quot;4.2&quot;,&quot;iso&quot;:&quot;40&quot;,&quot;shutter_speed&quot;:&quot;0.00069060773480663&quot;,&quot;title&quot;:&quot;&quot;,&quot;orientation&quot;:&quot;1&quot;}\" data-image-title=\"20220106_113356\" data-image-description=\"\" data-image-caption=\"\" data-large-file=\"https:\/\/eldiariodesanpedro.com.ar\/sitio\/wp-content\/uploads\/2022\/01\/20220106_113356-1024x497.jpg\" data-src=\"https:\/\/eldiariodesanpedro.com.ar\/sitio\/wp-content\/uploads\/2022\/01\/20220106_113356-1024x497.jpg\" alt=\"\" class=\"wp-image-102915 lazyload\" data-srcset=\"https:\/\/eldiariodesanpedro.com.ar\/sitio\/wp-content\/uploads\/2022\/01\/20220106_113356-1024x497.jpg 1024w, https:\/\/eldiariodesanpedro.com.ar\/sitio\/wp-content\/uploads\/2022\/01\/20220106_113356-300x146.jpg 300w, https:\/\/eldiariodesanpedro.com.ar\/sitio\/wp-content\/uploads\/2022\/01\/20220106_113356-768x373.jpg 768w, https:\/\/eldiariodesanpedro.com.ar\/sitio\/wp-content\/uploads\/2022\/01\/20220106_113356.jpg 1200w\" data-sizes=\"(max-width: 1024px) 100vw, 1024px\" src=\"data:image\/svg+xml;base64,PHN2ZyB3aWR0aD0iMSIgaGVpZ2h0PSIxIiB4bWxucz0iaHR0cDovL3d3dy53My5vcmcvMjAwMC9zdmciPjwvc3ZnPg==\" style=\"--smush-placeholder-width: 1024px; --smush-placeholder-aspect-ratio: 1024\/497;\" \/><\/figure>\n","protected":false},"excerpt":{"rendered":"<p>El juzgado de garant\u00edas de San Nicol\u00e1s que tiene a cargo a los tres detenidos y peligrosos delincuentes de una banda organizada en lo que est\u00e1n involucrados un sampedrino (bomberos)&nbsp; y dos de Pilar que asaltara a una familia el pasado 5 de enero en ruta 191 km 8.5 c\u00f3mo as\u00ed atentaron disparando armas de [&hellip;]<\/p>\n","protected":false},"author":4,"featured_media":102917,"comment_status":"closed","ping_status":"closed","sticky":false,"template":"","format":"standard","meta":{"om_disable_all_campaigns":false,"_jetpack_memberships_contains_paid_content":false,"footnotes":""},"categories":[50,101,2],"tags":[197,696,33,95,19],"class_list":["post-102918","post","type-post","status-publish","format-standard","has-post-thumbnail","hentry","category-destacadas","category-interes-general-locales","category-locales","tag-buenos-aires","tag-interes-general","tag-locales","tag-policiales","tag-san-pedro"],"aioseo_notices":[],"gutentor_comment":0,"jetpack_featured_media_url":"https:\/\/eldiariodesanpedro.com.ar\/sitio\/wp-content\/uploads\/2022\/01\/20220106_114001.jpg","jetpack_shortlink":"https:\/\/wp.me\/p6RhLt-qLY","jetpack_sharing_enabled":true,"_links":{"self":[{"href":"https:\/\/eldiariodesanpedro.com.ar\/sitio\/wp-json\/wp\/v2\/posts\/102918","targetHints":{"allow":["GET"]}}],"collection":[{"href":"https:\/\/eldiariodesanpedro.com.ar\/sitio\/wp-json\/wp\/v2\/posts"}],"about":[{"href":"https:\/\/eldiariodesanpedro.com.ar\/sitio\/wp-json\/wp\/v2\/types\/post"}],"author":[{"embeddable":true,"href":"https:\/\/eldiariodesanpedro.com.ar\/sitio\/wp-json\/wp\/v2\/users\/4"}],"replies":[{"embeddable":true,"href":"https:\/\/eldiariodesanpedro.com.ar\/sitio\/wp-json\/wp\/v2\/comments?post=102918"}],"version-history":[{"count":1,"href":"https:\/\/eldiariodesanpedro.com.ar\/sitio\/wp-json\/wp\/v2\/posts\/102918\/revisions"}],"predecessor-version":[{"id":102919,"href":"https:\/\/eldiariodesanpedro.com.ar\/sitio\/wp-json\/wp\/v2\/posts\/102918\/revisions\/102919"}],"wp:featuredmedia":[{"embeddable":true,"href":"https:\/\/eldiariodesanpedro.com.ar\/sitio\/wp-json\/wp\/v2\/media\/102917"}],"wp:attachment":[{"href":"https:\/\/eldiariodesanpedro.com.ar\/sitio\/wp-json\/wp\/v2\/media?parent=102918"}],"wp:term":[{"taxonomy":"category","embeddable":true,"href":"https:\/\/eldiariodesanpedro.com.ar\/sitio\/wp-json\/wp\/v2\/categories?post=102918"},{"taxonomy":"post_tag","embeddable":true,"href":"https:\/\/eldiariodesanpedro.com.ar\/sitio\/wp-json\/wp\/v2\/tags?post=102918"}],"curies":[{"name":"wp","href":"https:\/\/api.w.org\/{rel}","templated":true}]}}