{"id":10290,"date":"2016-11-15T20:15:13","date_gmt":"2016-11-15T23:15:13","guid":{"rendered":"https:\/\/eldiariodesanpedro.com.ar\/sitio\/?p=10290"},"modified":"2026-01-24T00:32:24","modified_gmt":"2026-01-24T03:32:24","slug":"atletismo-rodrigo-salazar-y-walter-valera-los-protagonista-en-los-10k","status":"publish","type":"post","link":"https:\/\/eldiariodesanpedro.com.ar\/sitio\/atletismo-rodrigo-salazar-y-walter-valera-los-protagonista-en-los-10k\/","title":{"rendered":"ATLETISMO: Rodrigo Salazar y Walter Valera, los protagonista en los 10K"},"content":{"rendered":"<p><!-- VideographyWP Plugin Message: Automatic video embedding prevented by plugin options. --><br \/>\nSe llev\u00f3 a cabo la prueba pedestre organizada por Alucec, denominada \u201cMarat\u00f3n Solidaria\u201d, con una muy buena participaci\u00f3n de deportistas locales y de pueblos vecinos.<\/p>\n<p>Se dieron cita en el Paseo P\u00fablico Municipal para ser parte del entretenido programa que en realidad comenz\u00f3 el s\u00e1bado con la caminata y se complet\u00f3 el domingo con dos pruebas, 5K y 10 K.<\/p>\n<p>Alrededor de 400 personas registraron su inscripci\u00f3n para ser parte de las actividades entre s\u00e1bado y domingo, este \u00faltimo d\u00eda con lluvia que no logr\u00f3 empa\u00f1ar la gran fiesta del atletismo.  <\/p>\n<p><strong>Clasificaciones<\/strong><\/p>\n<p>Clasificaci\u00f3n 10 K varones: 1\u00ba Rodrigo Salazar (San Pedro), 2\u00ba Walter Valera (San Pedro), 3\u00ba Mauricio Navarrete (Baradero), 4\u00ba Alejandro Reynoso (Ramallo), 5\u00ba Leandro Gallina (San Pedro).<br \/>\nClasificaci\u00f3n 10 K mujeres: 1\u00aa Mar\u00eda P\u00eda Muntan\u00e9 (San Pedro), 2\u00aa Paola Constantino (San Pedro), 3\u00aa Florencia Fussi (San Pedro), 4\u00aa Viviana G\u00f3mez (San Pedro), 5\u00aa Mar\u00eda A. Cappelletti (San Pedro).<br \/>\nClasificaci\u00f3n 5 K varones: 1\u00ba Joaqu\u00edn C\u00e1ceres (San Pedro), 2\u00ba Cristian Fern\u00e1ndez (San Pedro), 3\u00ba Pedro L\u00f3pez (San Pedro), 4\u00ba Jonathan Blanco (San Pedro), 5\u00ba Antonio Oliveto (San Pedro).<br \/>\nClasificaci\u00f3n 5 K mujeres: 1\u00aa Sof\u00eda Marelli (San Pedro), 2\u00aa Guadalupe Blanco (San Pedro), 3\u00aa Mariana Cairo (San Pedro), 4\u00aa Brenda Fleitas (San Pedro), 5\u00aa Karina Jaime (San Pedro).<\/p>\n","protected":false},"excerpt":{"rendered":"<p>Se llev\u00f3 a cabo la prueba pedestre organizada por Alucec, denominada \u201cMarat\u00f3n Solidaria\u201d, con una muy buena participaci\u00f3n de deportistas locales y de pueblos vecinos. Se dieron cita en el Paseo P\u00fablico Municipal para ser parte del entretenido programa que en realidad comenz\u00f3 el s\u00e1bado con la caminata y se complet\u00f3 el domingo con dos [&hellip;]<\/p>\n","protected":false},"author":4,"featured_media":10291,"comment_status":"open","ping_status":"closed","sticky":false,"template":"","format":"standard","meta":{"om_disable_all_campaigns":false,"_jetpack_memberships_contains_paid_content":false,"footnotes":""},"categories":[5],"tags":[],"class_list":["post-10290","post","type-post","status-publish","format-standard","has-post-thumbnail","hentry","category-deportes"],"aioseo_notices":[],"gutentor_comment":0,"jetpack_featured_media_url":"https:\/\/eldiariodesanpedro.com.ar\/sitio\/wp-content\/uploads\/2016\/11\/FOTO-2-16-11-16-SALAZAR-VALERA.jpg","jetpack_shortlink":"https:\/\/wp.me\/p6RhLt-2FY","jetpack_sharing_enabled":true,"_links":{"self":[{"href":"https:\/\/eldiariodesanpedro.com.ar\/sitio\/wp-json\/wp\/v2\/posts\/10290","targetHints":{"allow":["GET"]}}],"collection":[{"href":"https:\/\/eldiariodesanpedro.com.ar\/sitio\/wp-json\/wp\/v2\/posts"}],"about":[{"href":"https:\/\/eldiariodesanpedro.com.ar\/sitio\/wp-json\/wp\/v2\/types\/post"}],"author":[{"embeddable":true,"href":"https:\/\/eldiariodesanpedro.com.ar\/sitio\/wp-json\/wp\/v2\/users\/4"}],"replies":[{"embeddable":true,"href":"https:\/\/eldiariodesanpedro.com.ar\/sitio\/wp-json\/wp\/v2\/comments?post=10290"}],"version-history":[{"count":1,"href":"https:\/\/eldiariodesanpedro.com.ar\/sitio\/wp-json\/wp\/v2\/posts\/10290\/revisions"}],"predecessor-version":[{"id":10292,"href":"https:\/\/eldiariodesanpedro.com.ar\/sitio\/wp-json\/wp\/v2\/posts\/10290\/revisions\/10292"}],"wp:featuredmedia":[{"embeddable":true,"href":"https:\/\/eldiariodesanpedro.com.ar\/sitio\/wp-json\/wp\/v2\/media\/10291"}],"wp:attachment":[{"href":"https:\/\/eldiariodesanpedro.com.ar\/sitio\/wp-json\/wp\/v2\/media?parent=10290"}],"wp:term":[{"taxonomy":"category","embeddable":true,"href":"https:\/\/eldiariodesanpedro.com.ar\/sitio\/wp-json\/wp\/v2\/categories?post=10290"},{"taxonomy":"post_tag","embeddable":true,"href":"https:\/\/eldiariodesanpedro.com.ar\/sitio\/wp-json\/wp\/v2\/tags?post=10290"}],"curies":[{"name":"wp","href":"https:\/\/api.w.org\/{rel}","templated":true}]}}