{"id":102896,"date":"2022-01-12T10:00:52","date_gmt":"2022-01-12T13:00:52","guid":{"rendered":"https:\/\/eldiariodesanpedro.com.ar\/sitio\/?p=102896"},"modified":"2022-01-12T10:00:54","modified_gmt":"2022-01-12T13:00:54","slug":"el-gobierno-recibio-a-vecinos-para-abordar-temas-relacionados-a-la-seguridad","status":"publish","type":"post","link":"https:\/\/eldiariodesanpedro.com.ar\/sitio\/el-gobierno-recibio-a-vecinos-para-abordar-temas-relacionados-a-la-seguridad\/","title":{"rendered":"El gobierno recibi\u00f3 a vecinos para abordar temas relacionados a la seguridad"},"content":{"rendered":"<!-- VideographyWP Plugin Message: Automatic video embedding prevented by plugin options. -->\n\n<p>En el Sal\u00f3n Dorado del HCD este mediod\u00eda, funcionarios del gobierno municipal recibieron, tal como se hab\u00eda adelantado ayer, a vecinos y vecinas que plantearon su preocupaci\u00f3n ante hechos recientes registrados en diferentes zonas del Partido. En la charla pudieron volcar sus inquietudes e intercambiar opiniones ante representantes del ejecutivo, concejales integrantes de la comisi\u00f3n de seguridad y representantes de las fuerzas policiales y fiscal\u00eda.<\/p>\n\n\n\n<p>Para escuchar a los vecinos que adem\u00e1s hicieron una presentaci\u00f3n formal con un pedido de audiencia con el Intendente, acudieron a esta convocatoria el Secretario de Seguridad Eduardo Roleri, el Secretario de Producci\u00f3n Mart\u00edn Baraybar, los integrantes de la Comisi\u00f3n de Seguridad del HCD Daniel Creus, Rosa Celi\u00e9, Juan Cruz Gonz\u00e1lez y Mat\u00edas Pisani, la fiscala Viviana Ramos, el Superintendente Policial de la Regi\u00f3n Jorge Monfort, el Jefe de la Polic\u00eda Comunal Juan Catalano, el Jefe Zonal de Patrulla Rural Cristian Suarez, el Jefe de la DDI San Pedro\/Baradero Fernando Goienespe y el presidente de la Sociedad Rural Ra\u00fal Victores.<\/p>\n\n\n\n<p>El an\u00e1lisis de la problem\u00e1tica continuar\u00e1 durante los pr\u00f3ximos d\u00edas manteniendo contacto con los participantes y con los representantes de todos los sectores de la comunidad que comparten la preocupaci\u00f3n por este tema.<\/p>\n\n\n\n<figure class=\"wp-block-image size-large\"><img decoding=\"async\" width=\"1024\" height=\"428\" data-attachment-id=\"102898\" data-permalink=\"https:\/\/eldiariodesanpedro.com.ar\/sitio\/el-gobierno-recibio-a-vecinos-para-abordar-temas-relacionados-a-la-seguridad\/whatsapp-image-2022-01-11-at-16-34-58\/\" data-orig-file=\"https:\/\/eldiariodesanpedro.com.ar\/sitio\/wp-content\/uploads\/2022\/01\/WhatsApp-Image-2022-01-11-at-16.34.58.jpeg\" data-orig-size=\"1200,502\" data-comments-opened=\"0\" data-image-meta=\"{&quot;aperture&quot;:&quot;0&quot;,&quot;credit&quot;:&quot;&quot;,&quot;camera&quot;:&quot;&quot;,&quot;caption&quot;:&quot;&quot;,&quot;created_timestamp&quot;:&quot;0&quot;,&quot;copyright&quot;:&quot;&quot;,&quot;focal_length&quot;:&quot;0&quot;,&quot;iso&quot;:&quot;0&quot;,&quot;shutter_speed&quot;:&quot;0&quot;,&quot;title&quot;:&quot;&quot;,&quot;orientation&quot;:&quot;0&quot;}\" data-image-title=\"WhatsApp Image 2022-01-11 at 16.34.58\" data-image-description=\"\" data-image-caption=\"\" data-large-file=\"https:\/\/eldiariodesanpedro.com.ar\/sitio\/wp-content\/uploads\/2022\/01\/WhatsApp-Image-2022-01-11-at-16.34.58-1024x428.jpeg\" data-src=\"https:\/\/eldiariodesanpedro.com.ar\/sitio\/wp-content\/uploads\/2022\/01\/WhatsApp-Image-2022-01-11-at-16.34.58-1024x428.jpeg\" alt=\"\" class=\"wp-image-102898 lazyload\" data-srcset=\"https:\/\/eldiariodesanpedro.com.ar\/sitio\/wp-content\/uploads\/2022\/01\/WhatsApp-Image-2022-01-11-at-16.34.58-1024x428.jpeg 1024w, https:\/\/eldiariodesanpedro.com.ar\/sitio\/wp-content\/uploads\/2022\/01\/WhatsApp-Image-2022-01-11-at-16.34.58-300x126.jpeg 300w, https:\/\/eldiariodesanpedro.com.ar\/sitio\/wp-content\/uploads\/2022\/01\/WhatsApp-Image-2022-01-11-at-16.34.58-768x321.jpeg 768w, https:\/\/eldiariodesanpedro.com.ar\/sitio\/wp-content\/uploads\/2022\/01\/WhatsApp-Image-2022-01-11-at-16.34.58.jpeg 1200w\" data-sizes=\"(max-width: 1024px) 100vw, 1024px\" src=\"data:image\/svg+xml;base64,PHN2ZyB3aWR0aD0iMSIgaGVpZ2h0PSIxIiB4bWxucz0iaHR0cDovL3d3dy53My5vcmcvMjAwMC9zdmciPjwvc3ZnPg==\" style=\"--smush-placeholder-width: 1024px; --smush-placeholder-aspect-ratio: 1024\/428;\" \/><\/figure>\n","protected":false},"excerpt":{"rendered":"<p>En el Sal\u00f3n Dorado del HCD este mediod\u00eda, funcionarios del gobierno municipal recibieron, tal como se hab\u00eda adelantado ayer, a vecinos y vecinas que plantearon su preocupaci\u00f3n ante hechos recientes registrados en diferentes zonas del Partido. En la charla pudieron volcar sus inquietudes e intercambiar opiniones ante representantes del ejecutivo, concejales integrantes de la comisi\u00f3n [&hellip;]<\/p>\n","protected":false},"author":4,"featured_media":102897,"comment_status":"closed","ping_status":"closed","sticky":false,"template":"","format":"standard","meta":{"om_disable_all_campaigns":false,"_jetpack_memberships_contains_paid_content":false,"footnotes":""},"categories":[50,101,2],"tags":[197,696,33,19],"class_list":["post-102896","post","type-post","status-publish","format-standard","has-post-thumbnail","hentry","category-destacadas","category-interes-general-locales","category-locales","tag-buenos-aires","tag-interes-general","tag-locales","tag-san-pedro"],"aioseo_notices":[],"gutentor_comment":0,"jetpack_featured_media_url":"https:\/\/eldiariodesanpedro.com.ar\/sitio\/wp-content\/uploads\/2022\/01\/WhatsApp-Image-2022-01-11-at-16.34.57.jpeg","jetpack_shortlink":"https:\/\/wp.me\/p6RhLt-qLC","jetpack_sharing_enabled":true,"_links":{"self":[{"href":"https:\/\/eldiariodesanpedro.com.ar\/sitio\/wp-json\/wp\/v2\/posts\/102896","targetHints":{"allow":["GET"]}}],"collection":[{"href":"https:\/\/eldiariodesanpedro.com.ar\/sitio\/wp-json\/wp\/v2\/posts"}],"about":[{"href":"https:\/\/eldiariodesanpedro.com.ar\/sitio\/wp-json\/wp\/v2\/types\/post"}],"author":[{"embeddable":true,"href":"https:\/\/eldiariodesanpedro.com.ar\/sitio\/wp-json\/wp\/v2\/users\/4"}],"replies":[{"embeddable":true,"href":"https:\/\/eldiariodesanpedro.com.ar\/sitio\/wp-json\/wp\/v2\/comments?post=102896"}],"version-history":[{"count":1,"href":"https:\/\/eldiariodesanpedro.com.ar\/sitio\/wp-json\/wp\/v2\/posts\/102896\/revisions"}],"predecessor-version":[{"id":102899,"href":"https:\/\/eldiariodesanpedro.com.ar\/sitio\/wp-json\/wp\/v2\/posts\/102896\/revisions\/102899"}],"wp:featuredmedia":[{"embeddable":true,"href":"https:\/\/eldiariodesanpedro.com.ar\/sitio\/wp-json\/wp\/v2\/media\/102897"}],"wp:attachment":[{"href":"https:\/\/eldiariodesanpedro.com.ar\/sitio\/wp-json\/wp\/v2\/media?parent=102896"}],"wp:term":[{"taxonomy":"category","embeddable":true,"href":"https:\/\/eldiariodesanpedro.com.ar\/sitio\/wp-json\/wp\/v2\/categories?post=102896"},{"taxonomy":"post_tag","embeddable":true,"href":"https:\/\/eldiariodesanpedro.com.ar\/sitio\/wp-json\/wp\/v2\/tags?post=102896"}],"curies":[{"name":"wp","href":"https:\/\/api.w.org\/{rel}","templated":true}]}}