{"id":102893,"date":"2022-01-12T09:57:30","date_gmt":"2022-01-12T12:57:30","guid":{"rendered":"https:\/\/eldiariodesanpedro.com.ar\/sitio\/?p=102893"},"modified":"2022-01-12T09:57:32","modified_gmt":"2022-01-12T12:57:32","slug":"el-ministerio-de-trabajo-y-uthgra-realizaran-controles-en-comercios-gatronomicos-y-hoteleros","status":"publish","type":"post","link":"https:\/\/eldiariodesanpedro.com.ar\/sitio\/el-ministerio-de-trabajo-y-uthgra-realizaran-controles-en-comercios-gatronomicos-y-hoteleros\/","title":{"rendered":"El Ministerio de Trabajo y UTHGRA realizaran controles en comercios gatronomicos y hoteleros"},"content":{"rendered":"<!-- VideographyWP Plugin Message: Automatic video embedding prevented by plugin options. -->\n\n<p>Durante la jornada del d\u00eda jueves 30 de diciembre estuvieron reunidos en la delegaci\u00f3n Regional San Pedro, del Ministerio de Trabajo de la Pcia. De Bs. As., la Delegada Sof\u00eda Rotundo y representantes del Sindicato Gastron\u00f3mico \u2013 hotelero (UTHGRA SECC SAN NICOL\u00c1S), para conversar&nbsp; respecto a las problem\u00e1ticas del sector, en particular el trabajo no registrado,&nbsp; y evaluar el abordaje de las mismas durante el \u00aboperativo verano de Inspecci\u00f3n\u00bb, llevado a cabo por el Ministerio de Trabajo. En la reuni\u00f3n se manifest\u00f3 la preocupante cifra de trabajadores no registrados en la actividad.<\/p>\n\n\n\n<p>Por su parte, la Entidad gremial, despu\u00e9s del 20 de enero,&nbsp; estar\u00e1 realizando operativos&nbsp; previos en&nbsp; los distintos establecimientos gastron\u00f3micos y hoteleros con el fin de regularizar la situaci\u00f3n de quien no est\u00e9 debidamente registrado y evitar as\u00ed posteriores infracciones y multas.<\/p>\n","protected":false},"excerpt":{"rendered":"<p>Durante la jornada del d\u00eda jueves 30 de diciembre estuvieron reunidos en la delegaci\u00f3n Regional San Pedro, del Ministerio de Trabajo de la Pcia. De Bs. As., la Delegada Sof\u00eda Rotundo y representantes del Sindicato Gastron\u00f3mico \u2013 hotelero (UTHGRA SECC SAN NICOL\u00c1S), para conversar&nbsp; respecto a las problem\u00e1ticas del sector, en particular el trabajo no [&hellip;]<\/p>\n","protected":false},"author":4,"featured_media":102894,"comment_status":"closed","ping_status":"closed","sticky":false,"template":"","format":"standard","meta":{"om_disable_all_campaigns":false,"_jetpack_memberships_contains_paid_content":false,"footnotes":""},"categories":[101,2],"tags":[197,696,33,19],"class_list":["post-102893","post","type-post","status-publish","format-standard","has-post-thumbnail","hentry","category-interes-general-locales","category-locales","tag-buenos-aires","tag-interes-general","tag-locales","tag-san-pedro"],"aioseo_notices":[],"gutentor_comment":0,"jetpack_featured_media_url":"https:\/\/eldiariodesanpedro.com.ar\/sitio\/wp-content\/uploads\/2022\/01\/medida-7.jpg","jetpack_shortlink":"https:\/\/wp.me\/p6RhLt-qLz","jetpack_sharing_enabled":true,"_links":{"self":[{"href":"https:\/\/eldiariodesanpedro.com.ar\/sitio\/wp-json\/wp\/v2\/posts\/102893","targetHints":{"allow":["GET"]}}],"collection":[{"href":"https:\/\/eldiariodesanpedro.com.ar\/sitio\/wp-json\/wp\/v2\/posts"}],"about":[{"href":"https:\/\/eldiariodesanpedro.com.ar\/sitio\/wp-json\/wp\/v2\/types\/post"}],"author":[{"embeddable":true,"href":"https:\/\/eldiariodesanpedro.com.ar\/sitio\/wp-json\/wp\/v2\/users\/4"}],"replies":[{"embeddable":true,"href":"https:\/\/eldiariodesanpedro.com.ar\/sitio\/wp-json\/wp\/v2\/comments?post=102893"}],"version-history":[{"count":1,"href":"https:\/\/eldiariodesanpedro.com.ar\/sitio\/wp-json\/wp\/v2\/posts\/102893\/revisions"}],"predecessor-version":[{"id":102895,"href":"https:\/\/eldiariodesanpedro.com.ar\/sitio\/wp-json\/wp\/v2\/posts\/102893\/revisions\/102895"}],"wp:featuredmedia":[{"embeddable":true,"href":"https:\/\/eldiariodesanpedro.com.ar\/sitio\/wp-json\/wp\/v2\/media\/102894"}],"wp:attachment":[{"href":"https:\/\/eldiariodesanpedro.com.ar\/sitio\/wp-json\/wp\/v2\/media?parent=102893"}],"wp:term":[{"taxonomy":"category","embeddable":true,"href":"https:\/\/eldiariodesanpedro.com.ar\/sitio\/wp-json\/wp\/v2\/categories?post=102893"},{"taxonomy":"post_tag","embeddable":true,"href":"https:\/\/eldiariodesanpedro.com.ar\/sitio\/wp-json\/wp\/v2\/tags?post=102893"}],"curies":[{"name":"wp","href":"https:\/\/api.w.org\/{rel}","templated":true}]}}