{"id":102885,"date":"2022-01-10T17:19:12","date_gmt":"2022-01-10T20:19:12","guid":{"rendered":"https:\/\/eldiariodesanpedro.com.ar\/sitio\/?p=102885"},"modified":"2022-01-10T17:19:13","modified_gmt":"2022-01-10T20:19:13","slug":"delincuentes-ignorados-ingresaron-a-un-comercio-y-se-llevaron-varios-electrodomesticos","status":"publish","type":"post","link":"https:\/\/eldiariodesanpedro.com.ar\/sitio\/delincuentes-ignorados-ingresaron-a-un-comercio-y-se-llevaron-varios-electrodomesticos\/","title":{"rendered":"Delincuentes ignorados ingresaron a un comercio y se llevaron varios electrodom\u00e9sticos"},"content":{"rendered":"<!-- VideographyWP Plugin Message: Automatic video embedding prevented by plugin options. -->\n\n<p>Hoy denuncia una mujer mayor de edad, que promediando las 03 hs de esta madrugada \u00a0 tras sonar alarma y observar mediante telefon\u00eda celular, constata que delincuentes ingresaron tras violentar ventana de ba\u00f1o a oficinas de empresa ubicada en calle Arcuri 500, sustraen electrodom\u00e9sticos varios.<\/p>\n","protected":false},"excerpt":{"rendered":"<p>Hoy denuncia una mujer mayor de edad, que promediando las 03 hs de esta madrugada \u00a0 tras sonar alarma y observar mediante telefon\u00eda celular, constata que delincuentes ingresaron tras violentar ventana de ba\u00f1o a oficinas de empresa ubicada en calle Arcuri 500, sustraen electrodom\u00e9sticos varios.<\/p>\n","protected":false},"author":4,"featured_media":77860,"comment_status":"closed","ping_status":"closed","sticky":false,"template":"","format":"standard","meta":{"om_disable_all_campaigns":false,"_jetpack_memberships_contains_paid_content":false,"footnotes":""},"categories":[50,2,103],"tags":[197,696,33,19],"class_list":["post-102885","post","type-post","status-publish","format-standard","has-post-thumbnail","hentry","category-destacadas","category-locales","category-policiales-locales","tag-buenos-aires","tag-interes-general","tag-locales","tag-san-pedro"],"aioseo_notices":[],"gutentor_comment":0,"jetpack_featured_media_url":"https:\/\/eldiariodesanpedro.com.ar\/sitio\/wp-content\/uploads\/2020\/07\/000085506.jpg","jetpack_shortlink":"https:\/\/wp.me\/p6RhLt-qLr","jetpack_sharing_enabled":true,"_links":{"self":[{"href":"https:\/\/eldiariodesanpedro.com.ar\/sitio\/wp-json\/wp\/v2\/posts\/102885","targetHints":{"allow":["GET"]}}],"collection":[{"href":"https:\/\/eldiariodesanpedro.com.ar\/sitio\/wp-json\/wp\/v2\/posts"}],"about":[{"href":"https:\/\/eldiariodesanpedro.com.ar\/sitio\/wp-json\/wp\/v2\/types\/post"}],"author":[{"embeddable":true,"href":"https:\/\/eldiariodesanpedro.com.ar\/sitio\/wp-json\/wp\/v2\/users\/4"}],"replies":[{"embeddable":true,"href":"https:\/\/eldiariodesanpedro.com.ar\/sitio\/wp-json\/wp\/v2\/comments?post=102885"}],"version-history":[{"count":1,"href":"https:\/\/eldiariodesanpedro.com.ar\/sitio\/wp-json\/wp\/v2\/posts\/102885\/revisions"}],"predecessor-version":[{"id":102888,"href":"https:\/\/eldiariodesanpedro.com.ar\/sitio\/wp-json\/wp\/v2\/posts\/102885\/revisions\/102888"}],"wp:featuredmedia":[{"embeddable":true,"href":"https:\/\/eldiariodesanpedro.com.ar\/sitio\/wp-json\/wp\/v2\/media\/77860"}],"wp:attachment":[{"href":"https:\/\/eldiariodesanpedro.com.ar\/sitio\/wp-json\/wp\/v2\/media?parent=102885"}],"wp:term":[{"taxonomy":"category","embeddable":true,"href":"https:\/\/eldiariodesanpedro.com.ar\/sitio\/wp-json\/wp\/v2\/categories?post=102885"},{"taxonomy":"post_tag","embeddable":true,"href":"https:\/\/eldiariodesanpedro.com.ar\/sitio\/wp-json\/wp\/v2\/tags?post=102885"}],"curies":[{"name":"wp","href":"https:\/\/api.w.org\/{rel}","templated":true}]}}