{"id":102880,"date":"2022-01-10T17:11:54","date_gmt":"2022-01-10T20:11:54","guid":{"rendered":"https:\/\/eldiariodesanpedro.com.ar\/sitio\/?p=102880"},"modified":"2022-01-10T17:11:54","modified_gmt":"2022-01-10T20:11:54","slug":"un-ciudadano-aprehendido-tras-agredir-a-su-pareja","status":"publish","type":"post","link":"https:\/\/eldiariodesanpedro.com.ar\/sitio\/un-ciudadano-aprehendido-tras-agredir-a-su-pareja\/","title":{"rendered":"Un ciudadano aprehendido tras agredir a su pareja"},"content":{"rendered":"<!-- VideographyWP Plugin Message: Automatic video embedding prevented by plugin options. -->\n\n<p>En la madrugada de hoy en en Combate de Obligado y Ruffa la polic\u00eda aprehende a masculino 54 a\u00f1os quien momentos antes golpe\u00f3 a su pareja mujer\u00a0 de 48 a\u00f1os que sufri\u00f3 lesiones leves, asistida en la Comisaria de la Mujer y la Familia.\u00a0 Int UFI 11<\/p>\n","protected":false},"excerpt":{"rendered":"<p>En la madrugada de hoy en en Combate de Obligado y Ruffa la polic\u00eda aprehende a masculino 54 a\u00f1os quien momentos antes golpe\u00f3 a su pareja mujer\u00a0 de 48 a\u00f1os que sufri\u00f3 lesiones leves, asistida en la Comisaria de la Mujer y la Familia.\u00a0 Int UFI 11<\/p>\n","protected":false},"author":4,"featured_media":102881,"comment_status":"closed","ping_status":"","sticky":false,"template":"","format":"standard","meta":{"om_disable_all_campaigns":false,"_jetpack_memberships_contains_paid_content":false,"footnotes":""},"categories":[2,103],"tags":[197,33,95,19],"class_list":["post-102880","post","type-post","status-publish","format-standard","has-post-thumbnail","hentry","category-locales","category-policiales-locales","tag-buenos-aires","tag-locales","tag-policiales","tag-san-pedro"],"aioseo_notices":[],"gutentor_comment":0,"jetpack_featured_media_url":"https:\/\/eldiariodesanpedro.com.ar\/sitio\/wp-content\/uploads\/2022\/01\/WhatsApp-Image-2022-01-10-at-11.45.26.jpeg","jetpack_shortlink":"https:\/\/wp.me\/p6RhLt-qLm","jetpack_sharing_enabled":true,"_links":{"self":[{"href":"https:\/\/eldiariodesanpedro.com.ar\/sitio\/wp-json\/wp\/v2\/posts\/102880","targetHints":{"allow":["GET"]}}],"collection":[{"href":"https:\/\/eldiariodesanpedro.com.ar\/sitio\/wp-json\/wp\/v2\/posts"}],"about":[{"href":"https:\/\/eldiariodesanpedro.com.ar\/sitio\/wp-json\/wp\/v2\/types\/post"}],"author":[{"embeddable":true,"href":"https:\/\/eldiariodesanpedro.com.ar\/sitio\/wp-json\/wp\/v2\/users\/4"}],"replies":[{"embeddable":true,"href":"https:\/\/eldiariodesanpedro.com.ar\/sitio\/wp-json\/wp\/v2\/comments?post=102880"}],"version-history":[{"count":1,"href":"https:\/\/eldiariodesanpedro.com.ar\/sitio\/wp-json\/wp\/v2\/posts\/102880\/revisions"}],"predecessor-version":[{"id":102882,"href":"https:\/\/eldiariodesanpedro.com.ar\/sitio\/wp-json\/wp\/v2\/posts\/102880\/revisions\/102882"}],"wp:featuredmedia":[{"embeddable":true,"href":"https:\/\/eldiariodesanpedro.com.ar\/sitio\/wp-json\/wp\/v2\/media\/102881"}],"wp:attachment":[{"href":"https:\/\/eldiariodesanpedro.com.ar\/sitio\/wp-json\/wp\/v2\/media?parent=102880"}],"wp:term":[{"taxonomy":"category","embeddable":true,"href":"https:\/\/eldiariodesanpedro.com.ar\/sitio\/wp-json\/wp\/v2\/categories?post=102880"},{"taxonomy":"post_tag","embeddable":true,"href":"https:\/\/eldiariodesanpedro.com.ar\/sitio\/wp-json\/wp\/v2\/tags?post=102880"}],"curies":[{"name":"wp","href":"https:\/\/api.w.org\/{rel}","templated":true}]}}