{"id":102870,"date":"2022-01-10T17:00:55","date_gmt":"2022-01-10T20:00:55","guid":{"rendered":"https:\/\/eldiariodesanpedro.com.ar\/sitio\/?p=102870"},"modified":"2022-01-10T17:00:57","modified_gmt":"2022-01-10T20:00:57","slug":"un-ciudadano-ebrio-aprehendido-por-ocasionar-disturbios","status":"publish","type":"post","link":"https:\/\/eldiariodesanpedro.com.ar\/sitio\/un-ciudadano-ebrio-aprehendido-por-ocasionar-disturbios\/","title":{"rendered":"Un ciudadano ebrio aprehendido por ocasionar disturbios"},"content":{"rendered":"<!-- VideographyWP Plugin Message: Automatic video embedding prevented by plugin options. -->\n\n<p>El pasado s\u00e1bado siendo las 06:00 horas, el personal policial en calle 25 de Mayo y General Pueyrred\u00f3n, procedi\u00f3 a la aprehensi\u00f3n de masculino de 20 a\u00f1os de edad, quien se encontraba en estado de ebriedad alterando el orden p\u00fablico.&nbsp;<\/p>\n\n\n\n<p>Interviene el Juzgado de Paz local por infracci\u00f3n al c\u00f3digo de faltas ley 8031<\/p>\n","protected":false},"excerpt":{"rendered":"<p>El pasado s\u00e1bado siendo las 06:00 horas, el personal policial en calle 25 de Mayo y General Pueyrred\u00f3n, procedi\u00f3 a la aprehensi\u00f3n de masculino de 20 a\u00f1os de edad, quien se encontraba en estado de ebriedad alterando el orden p\u00fablico.&nbsp; Interviene el Juzgado de Paz local por infracci\u00f3n al c\u00f3digo de faltas ley 8031<\/p>\n","protected":false},"author":4,"featured_media":69226,"comment_status":"closed","ping_status":"closed","sticky":false,"template":"","format":"standard","meta":{"om_disable_all_campaigns":false,"_jetpack_memberships_contains_paid_content":false,"footnotes":""},"categories":[2,103],"tags":[197,33,95,19,2612],"class_list":["post-102870","post","type-post","status-publish","format-standard","has-post-thumbnail","hentry","category-locales","category-policiales-locales","tag-buenos-aires","tag-locales","tag-policiales","tag-san-pedro","tag-un-ciudadano-ebrio-aprehendido-por-ocasionar-disturbios"],"aioseo_notices":[],"gutentor_comment":0,"jetpack_featured_media_url":"https:\/\/eldiariodesanpedro.com.ar\/sitio\/wp-content\/uploads\/2020\/02\/detenido-1.jpg","jetpack_shortlink":"https:\/\/wp.me\/p6RhLt-qLc","jetpack_sharing_enabled":true,"_links":{"self":[{"href":"https:\/\/eldiariodesanpedro.com.ar\/sitio\/wp-json\/wp\/v2\/posts\/102870","targetHints":{"allow":["GET"]}}],"collection":[{"href":"https:\/\/eldiariodesanpedro.com.ar\/sitio\/wp-json\/wp\/v2\/posts"}],"about":[{"href":"https:\/\/eldiariodesanpedro.com.ar\/sitio\/wp-json\/wp\/v2\/types\/post"}],"author":[{"embeddable":true,"href":"https:\/\/eldiariodesanpedro.com.ar\/sitio\/wp-json\/wp\/v2\/users\/4"}],"replies":[{"embeddable":true,"href":"https:\/\/eldiariodesanpedro.com.ar\/sitio\/wp-json\/wp\/v2\/comments?post=102870"}],"version-history":[{"count":1,"href":"https:\/\/eldiariodesanpedro.com.ar\/sitio\/wp-json\/wp\/v2\/posts\/102870\/revisions"}],"predecessor-version":[{"id":102871,"href":"https:\/\/eldiariodesanpedro.com.ar\/sitio\/wp-json\/wp\/v2\/posts\/102870\/revisions\/102871"}],"wp:featuredmedia":[{"embeddable":true,"href":"https:\/\/eldiariodesanpedro.com.ar\/sitio\/wp-json\/wp\/v2\/media\/69226"}],"wp:attachment":[{"href":"https:\/\/eldiariodesanpedro.com.ar\/sitio\/wp-json\/wp\/v2\/media?parent=102870"}],"wp:term":[{"taxonomy":"category","embeddable":true,"href":"https:\/\/eldiariodesanpedro.com.ar\/sitio\/wp-json\/wp\/v2\/categories?post=102870"},{"taxonomy":"post_tag","embeddable":true,"href":"https:\/\/eldiariodesanpedro.com.ar\/sitio\/wp-json\/wp\/v2\/tags?post=102870"}],"curies":[{"name":"wp","href":"https:\/\/api.w.org\/{rel}","templated":true}]}}