{"id":102868,"date":"2022-01-10T16:57:46","date_gmt":"2022-01-10T19:57:46","guid":{"rendered":"https:\/\/eldiariodesanpedro.com.ar\/sitio\/?p=102868"},"modified":"2022-01-10T16:57:48","modified_gmt":"2022-01-10T19:57:48","slug":"una-joven-mujer-aprehendida-por-agredir-a-otro-joven","status":"publish","type":"post","link":"https:\/\/eldiariodesanpedro.com.ar\/sitio\/una-joven-mujer-aprehendida-por-agredir-a-otro-joven\/","title":{"rendered":"Una joven mujer aprehendida por agredir a otro joven"},"content":{"rendered":"<!-- VideographyWP Plugin Message: Automatic video embedding prevented by plugin options. -->\n\n<p>Siendo las&nbsp; 04:30 horas del s\u00e1bado por la madrugada, el personal policial en calle 25 de Mayo y General Pueyrred\u00f3n, procede a la aprehensi\u00f3n de femenina de 18 a\u00f1os de edad, quien instantes previo en calle 25 de Mayo y Ayacucho San Pedro, agrede con golpe de pu\u00f1o en el rostro a masculino de 18 a\u00f1os de edad quien presentaba lesiones leves.&nbsp;<\/p>\n\n\n\n<p>Se desconoce el motivo de la agresi\u00f3n. Interviene la fiscal\u00eda local en turno.<\/p>\n","protected":false},"excerpt":{"rendered":"<p>Siendo las&nbsp; 04:30 horas del s\u00e1bado por la madrugada, el personal policial en calle 25 de Mayo y General Pueyrred\u00f3n, procede a la aprehensi\u00f3n de femenina de 18 a\u00f1os de edad, quien instantes previo en calle 25 de Mayo y Ayacucho San Pedro, agrede con golpe de pu\u00f1o en el rostro a masculino de 18 [&hellip;]<\/p>\n","protected":false},"author":4,"featured_media":66784,"comment_status":"closed","ping_status":"closed","sticky":false,"template":"","format":"standard","meta":{"om_disable_all_campaigns":false,"_jetpack_memberships_contains_paid_content":false,"footnotes":""},"categories":[2,103],"tags":[197,33,95,19],"class_list":["post-102868","post","type-post","status-publish","format-standard","has-post-thumbnail","hentry","category-locales","category-policiales-locales","tag-buenos-aires","tag-locales","tag-policiales","tag-san-pedro"],"aioseo_notices":[],"gutentor_comment":0,"jetpack_featured_media_url":"https:\/\/eldiariodesanpedro.com.ar\/sitio\/wp-content\/uploads\/2020\/01\/detenido-1.jpg","jetpack_shortlink":"https:\/\/wp.me\/p6RhLt-qLa","jetpack_sharing_enabled":true,"_links":{"self":[{"href":"https:\/\/eldiariodesanpedro.com.ar\/sitio\/wp-json\/wp\/v2\/posts\/102868","targetHints":{"allow":["GET"]}}],"collection":[{"href":"https:\/\/eldiariodesanpedro.com.ar\/sitio\/wp-json\/wp\/v2\/posts"}],"about":[{"href":"https:\/\/eldiariodesanpedro.com.ar\/sitio\/wp-json\/wp\/v2\/types\/post"}],"author":[{"embeddable":true,"href":"https:\/\/eldiariodesanpedro.com.ar\/sitio\/wp-json\/wp\/v2\/users\/4"}],"replies":[{"embeddable":true,"href":"https:\/\/eldiariodesanpedro.com.ar\/sitio\/wp-json\/wp\/v2\/comments?post=102868"}],"version-history":[{"count":1,"href":"https:\/\/eldiariodesanpedro.com.ar\/sitio\/wp-json\/wp\/v2\/posts\/102868\/revisions"}],"predecessor-version":[{"id":102869,"href":"https:\/\/eldiariodesanpedro.com.ar\/sitio\/wp-json\/wp\/v2\/posts\/102868\/revisions\/102869"}],"wp:featuredmedia":[{"embeddable":true,"href":"https:\/\/eldiariodesanpedro.com.ar\/sitio\/wp-json\/wp\/v2\/media\/66784"}],"wp:attachment":[{"href":"https:\/\/eldiariodesanpedro.com.ar\/sitio\/wp-json\/wp\/v2\/media?parent=102868"}],"wp:term":[{"taxonomy":"category","embeddable":true,"href":"https:\/\/eldiariodesanpedro.com.ar\/sitio\/wp-json\/wp\/v2\/categories?post=102868"},{"taxonomy":"post_tag","embeddable":true,"href":"https:\/\/eldiariodesanpedro.com.ar\/sitio\/wp-json\/wp\/v2\/tags?post=102868"}],"curies":[{"name":"wp","href":"https:\/\/api.w.org\/{rel}","templated":true}]}}