{"id":102864,"date":"2022-01-10T13:16:10","date_gmt":"2022-01-10T16:16:10","guid":{"rendered":"https:\/\/eldiariodesanpedro.com.ar\/sitio\/?p=102864"},"modified":"2022-01-10T13:24:40","modified_gmt":"2022-01-10T16:24:40","slug":"con-la-presencia-estelar-de-carmen-barbieri-dio-inicio-la-temporada-teatral-en-san-pedro","status":"publish","type":"post","link":"https:\/\/eldiariodesanpedro.com.ar\/sitio\/con-la-presencia-estelar-de-carmen-barbieri-dio-inicio-la-temporada-teatral-en-san-pedro\/","title":{"rendered":"Con la presencia estelar de Carmen Barbieri dio inici\u00f3 la temporada teatral en San Pedro"},"content":{"rendered":"<!-- VideographyWP Plugin Message: Automatic video embedding prevented by plugin options. -->\n\n<p>La capoc\u00f3mica haciendo dupla con Alejandro Cupit\u00f3 se presentaron con la obra \u00abHisopad\u00cdsimos\u00bb. La misma se present\u00f3 en el Centro Cultural Abelardo Castillo y as\u00ed dio inici\u00f3 la temporada 2022.<\/p>\n\n\n\n<p>Con la presentaci\u00f3n de la obra Hisopad\u00edsimos protagonizada por la capoc\u00f3mica Carmen Barbieri y el actor y productor Alejandro Cupit\u00f3 se puso en marcha la temporada teatral en San Pedro.<\/p>\n\n\n\n<p>La cita de presentaci\u00f3n se realiz\u00f3 en el centro cultural Abelardo Castillo a sala llena. Auspiciado por la secretar\u00eda de turismo y cultura de la municipalidad de San Pedro el espacio Lucio como muy pocas veces se lo vio y se manifiesta como uno de los nuevos puntos de concentraci\u00f3n del p\u00fablico en la ciudad.<\/p>\n\n\n\n<p>La obra qu\u00e9 puso en marcha la temporada 2022 ofreci\u00f3 toda la calidad y experiencia de Carmen Barbieri a trav\u00e9s del humor qu\u00e9 es la caracteriza muy bien apuntalada por Alejandro Cupit\u00f3.<\/p>\n\n\n\n<p>Hisopad\u00edsimos se presentar\u00e1 todos los s\u00e1bados y domingos de enero y febrero en el mismo lugar, espacio donde tambi\u00e9n har\u00e1n su presentaci\u00f3n Marcelo Polino y Marcela Tauro con otra puesta en escena enmarcada en la misma temporada.<\/p>\n\n\n\n<iframe data-src=\"https:\/\/www.facebook.com\/plugins\/post.php?href=https%3A%2F%2Fwww.facebook.com%2Fdiariosp2%2Fposts%2F248737617358111&#038;show_text=true&#038;width=500\" width=\"500\" height=\"754\" style=\"border:none;overflow:hidden\" scrolling=\"no\" frameborder=\"0\" allowfullscreen=\"true\" allow=\"autoplay; clipboard-write; encrypted-media; picture-in-picture; web-share\" src=\"data:image\/svg+xml;base64,PHN2ZyB3aWR0aD0iMSIgaGVpZ2h0PSIxIiB4bWxucz0iaHR0cDovL3d3dy53My5vcmcvMjAwMC9zdmciPjwvc3ZnPg==\" class=\"lazyload\" data-load-mode=\"1\"><\/iframe>\n\n\n\n<p>Fuente: San Pedro Informa<\/p>\n","protected":false},"excerpt":{"rendered":"<p>La capoc\u00f3mica haciendo dupla con Alejandro Cupit\u00f3 se presentaron con la obra \u00abHisopad\u00cdsimos\u00bb. La misma se present\u00f3 en el Centro Cultural Abelardo Castillo y as\u00ed dio inici\u00f3 la temporada 2022. Con la presentaci\u00f3n de la obra Hisopad\u00edsimos protagonizada por la capoc\u00f3mica Carmen Barbieri y el actor y productor Alejandro Cupit\u00f3 se puso en marcha la [&hellip;]<\/p>\n","protected":false},"author":4,"featured_media":102865,"comment_status":"closed","ping_status":"closed","sticky":false,"template":"","format":"standard","meta":{"om_disable_all_campaigns":false,"_jetpack_memberships_contains_paid_content":false,"footnotes":""},"categories":[50,101,2],"tags":[197,2611,696,33,19],"class_list":["post-102864","post","type-post","status-publish","format-standard","has-post-thumbnail","hentry","category-destacadas","category-interes-general-locales","category-locales","tag-buenos-aires","tag-con-la-presencia-estelar-de-carmen-barbieri-dio-inicio-la-temporada-teatral-en-san-pedro","tag-interes-general","tag-locales","tag-san-pedro"],"aioseo_notices":[],"gutentor_comment":0,"jetpack_featured_media_url":"https:\/\/eldiariodesanpedro.com.ar\/sitio\/wp-content\/uploads\/2022\/01\/WhatsApp-Image-2022-01-10-at-13.03.27.jpeg","jetpack_shortlink":"https:\/\/wp.me\/p6RhLt-qL6","jetpack_sharing_enabled":true,"_links":{"self":[{"href":"https:\/\/eldiariodesanpedro.com.ar\/sitio\/wp-json\/wp\/v2\/posts\/102864","targetHints":{"allow":["GET"]}}],"collection":[{"href":"https:\/\/eldiariodesanpedro.com.ar\/sitio\/wp-json\/wp\/v2\/posts"}],"about":[{"href":"https:\/\/eldiariodesanpedro.com.ar\/sitio\/wp-json\/wp\/v2\/types\/post"}],"author":[{"embeddable":true,"href":"https:\/\/eldiariodesanpedro.com.ar\/sitio\/wp-json\/wp\/v2\/users\/4"}],"replies":[{"embeddable":true,"href":"https:\/\/eldiariodesanpedro.com.ar\/sitio\/wp-json\/wp\/v2\/comments?post=102864"}],"version-history":[{"count":2,"href":"https:\/\/eldiariodesanpedro.com.ar\/sitio\/wp-json\/wp\/v2\/posts\/102864\/revisions"}],"predecessor-version":[{"id":102867,"href":"https:\/\/eldiariodesanpedro.com.ar\/sitio\/wp-json\/wp\/v2\/posts\/102864\/revisions\/102867"}],"wp:featuredmedia":[{"embeddable":true,"href":"https:\/\/eldiariodesanpedro.com.ar\/sitio\/wp-json\/wp\/v2\/media\/102865"}],"wp:attachment":[{"href":"https:\/\/eldiariodesanpedro.com.ar\/sitio\/wp-json\/wp\/v2\/media?parent=102864"}],"wp:term":[{"taxonomy":"category","embeddable":true,"href":"https:\/\/eldiariodesanpedro.com.ar\/sitio\/wp-json\/wp\/v2\/categories?post=102864"},{"taxonomy":"post_tag","embeddable":true,"href":"https:\/\/eldiariodesanpedro.com.ar\/sitio\/wp-json\/wp\/v2\/tags?post=102864"}],"curies":[{"name":"wp","href":"https:\/\/api.w.org\/{rel}","templated":true}]}}