{"id":102858,"date":"2022-01-10T12:34:05","date_gmt":"2022-01-10T15:34:05","guid":{"rendered":"https:\/\/eldiariodesanpedro.com.ar\/sitio\/?p=102858"},"modified":"2022-01-10T12:41:42","modified_gmt":"2022-01-10T15:41:42","slug":"robaron-al-encargado-del-comercio-jagger-cuando-cerraba-el-local-le-arrebataron-la-plata-2","status":"publish","type":"post","link":"https:\/\/eldiariodesanpedro.com.ar\/sitio\/robaron-al-encargado-del-comercio-jagger-cuando-cerraba-el-local-le-arrebataron-la-plata-2\/","title":{"rendered":"Robaron al encargado del comercio Jagger cuando cerraba el local, le arrebataron la plata"},"content":{"rendered":"<!-- VideographyWP Plugin Message: Automatic video embedding prevented by plugin options. -->\n\n<p>En la madrugada de este domingo el propietario del local gastron\u00f3mico Jagger sufri\u00f3 el robo de la recaudaci\u00f3n de toda la jornada cuando cerraba el comercio.<\/p>\n\n\n\n<p>Este domingo alrededor de la 1 am de la madrugada el propietario del comercio gastron\u00f3mico Jagger ubicado en calle Pellegrini y Las Heras fue sorprendido por dos delincuentes que le robaron la recaudaci\u00f3n del d\u00eda cuando cerraba.<\/p>\n\n\n\n<p>Desde un comercio vecino se pudo captar el momento donde los delincuentes abordaron a la persona cuando inclusive sus empleados se encontraban en la puerta.<\/p>\n\n\n\n<p>Los delincuentes se llevaron la recaudaci\u00f3n del d\u00eda y se dieron a la fuga corriendo, desde la comisar\u00eda se sospecha que pudo haber un autom\u00f3vil esperando para dar a la fuga.<\/p>\n\n\n\n<p>Afortunadamente nadie result\u00f3 herido y se investiga el hecho.<\/p>\n\n\n\n<iframe data-src=\"https:\/\/www.facebook.com\/plugins\/video.php?height=476&#038;href=https%3A%2F%2Fwww.facebook.com%2Fdiariosp2%2Fvideos%2F666636087688556%2F&#038;show_text=false&#038;width=261&#038;t=0\" width=\"261\" height=\"476\" style=\"border:none;overflow:hidden\" scrolling=\"no\" frameborder=\"0\" allowfullscreen=\"true\" allow=\"autoplay; clipboard-write; encrypted-media; picture-in-picture; web-share\" allowFullScreen=\"true\" src=\"data:image\/svg+xml;base64,PHN2ZyB3aWR0aD0iMSIgaGVpZ2h0PSIxIiB4bWxucz0iaHR0cDovL3d3dy53My5vcmcvMjAwMC9zdmciPjwvc3ZnPg==\" class=\"lazyload\" data-load-mode=\"1\"><\/iframe>\n","protected":false},"excerpt":{"rendered":"<p>En la madrugada de este domingo el propietario del local gastron\u00f3mico Jagger sufri\u00f3 el robo de la recaudaci\u00f3n de toda la jornada cuando cerraba el comercio. Este domingo alrededor de la 1 am de la madrugada el propietario del comercio gastron\u00f3mico Jagger ubicado en calle Pellegrini y Las Heras fue sorprendido por dos delincuentes que [&hellip;]<\/p>\n","protected":false},"author":4,"featured_media":102856,"comment_status":"closed","ping_status":"closed","sticky":false,"template":"","format":"standard","meta":{"om_disable_all_campaigns":false,"_jetpack_memberships_contains_paid_content":false,"footnotes":""},"categories":[50,2,103],"tags":[197,696,33,19],"class_list":["post-102858","post","type-post","status-publish","format-standard","has-post-thumbnail","hentry","category-destacadas","category-locales","category-policiales-locales","tag-buenos-aires","tag-interes-general","tag-locales","tag-san-pedro"],"aioseo_notices":[],"gutentor_comment":0,"jetpack_featured_media_url":"https:\/\/eldiariodesanpedro.com.ar\/sitio\/wp-content\/uploads\/2022\/01\/medida-6.jpg","jetpack_shortlink":"https:\/\/wp.me\/p6RhLt-qL0","jetpack_sharing_enabled":true,"_links":{"self":[{"href":"https:\/\/eldiariodesanpedro.com.ar\/sitio\/wp-json\/wp\/v2\/posts\/102858","targetHints":{"allow":["GET"]}}],"collection":[{"href":"https:\/\/eldiariodesanpedro.com.ar\/sitio\/wp-json\/wp\/v2\/posts"}],"about":[{"href":"https:\/\/eldiariodesanpedro.com.ar\/sitio\/wp-json\/wp\/v2\/types\/post"}],"author":[{"embeddable":true,"href":"https:\/\/eldiariodesanpedro.com.ar\/sitio\/wp-json\/wp\/v2\/users\/4"}],"replies":[{"embeddable":true,"href":"https:\/\/eldiariodesanpedro.com.ar\/sitio\/wp-json\/wp\/v2\/comments?post=102858"}],"version-history":[{"count":2,"href":"https:\/\/eldiariodesanpedro.com.ar\/sitio\/wp-json\/wp\/v2\/posts\/102858\/revisions"}],"predecessor-version":[{"id":102860,"href":"https:\/\/eldiariodesanpedro.com.ar\/sitio\/wp-json\/wp\/v2\/posts\/102858\/revisions\/102860"}],"wp:featuredmedia":[{"embeddable":true,"href":"https:\/\/eldiariodesanpedro.com.ar\/sitio\/wp-json\/wp\/v2\/media\/102856"}],"wp:attachment":[{"href":"https:\/\/eldiariodesanpedro.com.ar\/sitio\/wp-json\/wp\/v2\/media?parent=102858"}],"wp:term":[{"taxonomy":"category","embeddable":true,"href":"https:\/\/eldiariodesanpedro.com.ar\/sitio\/wp-json\/wp\/v2\/categories?post=102858"},{"taxonomy":"post_tag","embeddable":true,"href":"https:\/\/eldiariodesanpedro.com.ar\/sitio\/wp-json\/wp\/v2\/tags?post=102858"}],"curies":[{"name":"wp","href":"https:\/\/api.w.org\/{rel}","templated":true}]}}