{"id":102855,"date":"2022-01-10T12:24:53","date_gmt":"2022-01-10T15:24:53","guid":{"rendered":"https:\/\/eldiariodesanpedro.com.ar\/sitio\/?p=102855"},"modified":"2022-01-10T12:24:55","modified_gmt":"2022-01-10T15:24:55","slug":"robaron-al-encargado-del-comercio-jagger-cuando-cerraba-el-local-le-arrebataron-la-plata","status":"publish","type":"post","link":"https:\/\/eldiariodesanpedro.com.ar\/sitio\/robaron-al-encargado-del-comercio-jagger-cuando-cerraba-el-local-le-arrebataron-la-plata\/","title":{"rendered":"Robaron al encargado del comercio Jagger cuando cerraba el local, le arrebataron la plata"},"content":{"rendered":"<!-- VideographyWP Plugin Message: Automatic video embedding prevented by plugin options. -->\n\n<p>En la madrugada de este domingo el propietario del local gastron\u00f3mico Jagger sufri\u00f3 el robo de la recaudaci\u00f3n de toda la jornada cuando cerraba el comercio.<\/p>\n\n\n\n<p>Este domingo alrededor de la 1 am de la madrugada el propietario del comercio gastron\u00f3mico Jagger ubicado en calle Pellegrini y Las Heras fue sorprendido por tres delincuentes que le robaron la recaudaci\u00f3n del d\u00eda cuando cerraba.<\/p>\n\n\n\n<p>Desde un comercio vecino se pudo captar el momento donde los delincuentes abordaron a la persona cuando inclusive sus empleados se encontraban en la puerta.<\/p>\n\n\n\n<p>Los delincuentes se llevaron la recaudaci\u00f3n del d\u00eda y se dieron a la fuga corriendo, desde la comisar\u00eda se sospecha que pudo haber un autom\u00f3vil esperando para dar a la fuga.<\/p>\n\n\n\n<p>Afortunadamente nadie result\u00f3 herido y se investiga el hecho<\/p>\n","protected":false},"excerpt":{"rendered":"<p>En la madrugada de este domingo el propietario del local gastron\u00f3mico Jagger sufri\u00f3 el robo de la recaudaci\u00f3n de toda la jornada cuando cerraba el comercio. Este domingo alrededor de la 1 am de la madrugada el propietario del comercio gastron\u00f3mico Jagger ubicado en calle Pellegrini y Las Heras fue sorprendido por tres delincuentes que [&hellip;]<\/p>\n","protected":false},"author":4,"featured_media":102856,"comment_status":"closed","ping_status":"closed","sticky":false,"template":"","format":"standard","meta":{"om_disable_all_campaigns":false,"_jetpack_memberships_contains_paid_content":false,"footnotes":""},"categories":[2,103],"tags":[197,2609,33,95,2608,19],"class_list":["post-102855","post","type-post","status-publish","format-standard","has-post-thumbnail","hentry","category-locales","category-policiales-locales","tag-buenos-aires","tag-le-arrebataron-la-plata","tag-locales","tag-policiales","tag-robaron-al-encargado-del-comercio-jagger-cuando-cerraba-el-local","tag-san-pedro"],"aioseo_notices":[],"gutentor_comment":0,"jetpack_featured_media_url":"https:\/\/eldiariodesanpedro.com.ar\/sitio\/wp-content\/uploads\/2022\/01\/medida-6.jpg","jetpack_shortlink":"https:\/\/wp.me\/p6RhLt-qKX","jetpack_sharing_enabled":true,"_links":{"self":[{"href":"https:\/\/eldiariodesanpedro.com.ar\/sitio\/wp-json\/wp\/v2\/posts\/102855","targetHints":{"allow":["GET"]}}],"collection":[{"href":"https:\/\/eldiariodesanpedro.com.ar\/sitio\/wp-json\/wp\/v2\/posts"}],"about":[{"href":"https:\/\/eldiariodesanpedro.com.ar\/sitio\/wp-json\/wp\/v2\/types\/post"}],"author":[{"embeddable":true,"href":"https:\/\/eldiariodesanpedro.com.ar\/sitio\/wp-json\/wp\/v2\/users\/4"}],"replies":[{"embeddable":true,"href":"https:\/\/eldiariodesanpedro.com.ar\/sitio\/wp-json\/wp\/v2\/comments?post=102855"}],"version-history":[{"count":1,"href":"https:\/\/eldiariodesanpedro.com.ar\/sitio\/wp-json\/wp\/v2\/posts\/102855\/revisions"}],"predecessor-version":[{"id":102857,"href":"https:\/\/eldiariodesanpedro.com.ar\/sitio\/wp-json\/wp\/v2\/posts\/102855\/revisions\/102857"}],"wp:featuredmedia":[{"embeddable":true,"href":"https:\/\/eldiariodesanpedro.com.ar\/sitio\/wp-json\/wp\/v2\/media\/102856"}],"wp:attachment":[{"href":"https:\/\/eldiariodesanpedro.com.ar\/sitio\/wp-json\/wp\/v2\/media?parent=102855"}],"wp:term":[{"taxonomy":"category","embeddable":true,"href":"https:\/\/eldiariodesanpedro.com.ar\/sitio\/wp-json\/wp\/v2\/categories?post=102855"},{"taxonomy":"post_tag","embeddable":true,"href":"https:\/\/eldiariodesanpedro.com.ar\/sitio\/wp-json\/wp\/v2\/tags?post=102855"}],"curies":[{"name":"wp","href":"https:\/\/api.w.org\/{rel}","templated":true}]}}