{"id":10285,"date":"2016-11-15T20:11:56","date_gmt":"2016-11-15T23:11:56","guid":{"rendered":"https:\/\/eldiariodesanpedro.com.ar\/sitio\/?p=10285"},"modified":"2026-01-24T00:32:24","modified_gmt":"2026-01-24T03:32:24","slug":"basquet-nautico-estuvo-presente-en-tandil","status":"publish","type":"post","link":"https:\/\/eldiariodesanpedro.com.ar\/sitio\/basquet-nautico-estuvo-presente-en-tandil\/","title":{"rendered":"B\u00c1SQUET: N\u00e1utico estuvo presente en Tandil"},"content":{"rendered":"<p><!-- VideographyWP Plugin Message: Automatic video embedding prevented by plugin options. --><br \/>\nN\u00e1utico particip\u00f3 este fin de semana en Tandil del Encuentro Nacional de Minib\u00e1squet organizado por el Club Independiente. Los chicos llegaron el viernes y realizaron una visita a las atracciones tur\u00edsticas de la ciudad, incluyendo un recorrido por el parque de la Piedra Movediza, donde coincidieron con un evento solidario del que participaban los conductores del programa de tv Pura Qu\u00edmica. De este modo lograron sacarse una foto grupal con Pico M\u00f3naco y Leo Montero entre otros.  <\/p>\n<p>El s\u00e1bado tuvo lugar el desfile inaugural en el Estadio Duggan Martignoni y el cierre fue en la tarde del domingo. Para la delegaci\u00f3n de minicelestes fue una gran experiencia llena de alegr\u00eda y acompa\u00f1ada por muchos pap\u00e1s que respaldaron el trabajo de los profesores encabezados por Mart\u00edn G\u00e1lvez al frente de la delegaci\u00f3n junto al Chano, Samuel Panatteri, Italo Penduzzu y el Tano Tagliatori.<\/p>\n<p>Participaron entre otros los clubes, FC Henderson, Hurac\u00e1n (Tres Arroyos), San Lorenzo, Ferro (Olavarr\u00eda), Villa del Parque (Necochea), Kimberley (Mar del Plata), Varela Junior, C.E.Y.E (Berisso), Scholem (Capital Federal), Pac\u00edfico (Bah\u00eda Blanca), Centro Basko (Necochea), Campana Boat Club, Quilmes (Tres Arroyos), Atenas (La Plata), Racing (Olavarr\u00eda), Atl\u00e9tico Boulogne (San Isidro), San Mart\u00edn (Sierras Bayas), Sportivo Bahiense (Bah\u00eda Blanca), Independiente (Lober\u00eda), Atl\u00e9tico Pilar, Alumni (Orense), Ferroviarios (Balcarce), Costa Sud (Tres Arroyos), Atenas (Patagones), Ciudad (Saladillo), Mitre (San Pedro), Atl\u00e9tico Chascom\u00fas, Naposta (Bah\u00eda Blanca), Rivadavia (Necochea), Social Dolores, Castelli, Deportivo Madryn, Ever Ready (Dolores), Cads (Mar del Plata), Independiente (Dorrego), Independiente (Pico, La Pampa), MVXTV, Cef 42, Ayacucho, Jorge Newbery, Uni\u00f3n y Progreso e Independiente.<\/p>\n","protected":false},"excerpt":{"rendered":"<p>N\u00e1utico particip\u00f3 este fin de semana en Tandil del Encuentro Nacional de Minib\u00e1squet organizado por el Club Independiente. Los chicos llegaron el viernes y realizaron una visita a las atracciones tur\u00edsticas de la ciudad, incluyendo un recorrido por el parque de la Piedra Movediza, donde coincidieron con un evento solidario del que participaban los conductores [&hellip;]<\/p>\n","protected":false},"author":4,"featured_media":6015,"comment_status":"open","ping_status":"closed","sticky":false,"template":"","format":"standard","meta":{"om_disable_all_campaigns":false,"_jetpack_memberships_contains_paid_content":false,"footnotes":""},"categories":[5],"tags":[],"class_list":["post-10285","post","type-post","status-publish","format-standard","has-post-thumbnail","hentry","category-deportes"],"aioseo_notices":[],"gutentor_comment":0,"jetpack_featured_media_url":"https:\/\/eldiariodesanpedro.com.ar\/sitio\/wp-content\/uploads\/2016\/07\/basquet-nautico.jpg","jetpack_shortlink":"https:\/\/wp.me\/p6RhLt-2FT","jetpack_sharing_enabled":true,"_links":{"self":[{"href":"https:\/\/eldiariodesanpedro.com.ar\/sitio\/wp-json\/wp\/v2\/posts\/10285","targetHints":{"allow":["GET"]}}],"collection":[{"href":"https:\/\/eldiariodesanpedro.com.ar\/sitio\/wp-json\/wp\/v2\/posts"}],"about":[{"href":"https:\/\/eldiariodesanpedro.com.ar\/sitio\/wp-json\/wp\/v2\/types\/post"}],"author":[{"embeddable":true,"href":"https:\/\/eldiariodesanpedro.com.ar\/sitio\/wp-json\/wp\/v2\/users\/4"}],"replies":[{"embeddable":true,"href":"https:\/\/eldiariodesanpedro.com.ar\/sitio\/wp-json\/wp\/v2\/comments?post=10285"}],"version-history":[{"count":1,"href":"https:\/\/eldiariodesanpedro.com.ar\/sitio\/wp-json\/wp\/v2\/posts\/10285\/revisions"}],"predecessor-version":[{"id":10286,"href":"https:\/\/eldiariodesanpedro.com.ar\/sitio\/wp-json\/wp\/v2\/posts\/10285\/revisions\/10286"}],"wp:featuredmedia":[{"embeddable":true,"href":"https:\/\/eldiariodesanpedro.com.ar\/sitio\/wp-json\/wp\/v2\/media\/6015"}],"wp:attachment":[{"href":"https:\/\/eldiariodesanpedro.com.ar\/sitio\/wp-json\/wp\/v2\/media?parent=10285"}],"wp:term":[{"taxonomy":"category","embeddable":true,"href":"https:\/\/eldiariodesanpedro.com.ar\/sitio\/wp-json\/wp\/v2\/categories?post=10285"},{"taxonomy":"post_tag","embeddable":true,"href":"https:\/\/eldiariodesanpedro.com.ar\/sitio\/wp-json\/wp\/v2\/tags?post=10285"}],"curies":[{"name":"wp","href":"https:\/\/api.w.org\/{rel}","templated":true}]}}