{"id":102848,"date":"2022-01-07T17:53:57","date_gmt":"2022-01-07T20:53:57","guid":{"rendered":"https:\/\/eldiariodesanpedro.com.ar\/sitio\/?p=102848"},"modified":"2022-01-07T17:53:59","modified_gmt":"2022-01-07T20:53:59","slug":"la-proxima-semana-argentina-sera-el-lugar-mas-caliente-del-mundo-ola-de-calor-con-temperaturas-de-40o","status":"publish","type":"post","link":"https:\/\/eldiariodesanpedro.com.ar\/sitio\/la-proxima-semana-argentina-sera-el-lugar-mas-caliente-del-mundo-ola-de-calor-con-temperaturas-de-40o\/","title":{"rendered":"La proxima semana \u00bfArgentina sera el lugar mas caliente del mundo? Ola de calor  con temperaturas de 40\u00ba"},"content":{"rendered":"<!-- VideographyWP Plugin Message: Automatic video embedding prevented by plugin options. -->\n\n<p>Seg\u00fan el modelo GFS de temperaturas la semana entrante tendremos temperaturas m\u00e1ximas extremas en la provincia de Bs As y por ende en San Pedro.<\/p>\n\n\n\n<p>VAMOS A DAR UNA EXPLICACI\u00d3N SUPER SENCILLA PARA CUIDARSE DE LOS GOLPES DE CALOR TENIENDO EN CUENTA QUE LA TEMPERATURA M\u00c1XIMA PUEDE SUPERAR LOS 40\u00b0C VARIOS D\u00cdAS <\/p>\n\n\n\n<p>La temperatura normal del cuerpo humano es de 36.9\/\/37\u00b0C.<br>Cuando la temperatura ambiental es menor a \u00e9sta, el mismo cuerpo se encarga de elevar nuestra temperatura corporal hasta la mencionada anteriormente y todo fluye sin problemas.<\/p>\n\n\n\n<p>Ahora bien&#8230;. cuando la temperatura ambiental supera los 37\u00b0C nuestro cuerpo queda exento a tener el control t\u00e9rmico, y entra en colapso.<br>Por ejemplo: Nuestro organismo \u00bb dice \u00bb no puedo llevar la temperatura interior corporal hasta los 37\u00b0C cuando la temperatura ambiental es m\u00e1s alta y se posa en 40\u00b0C.<\/p>\n\n\n\n<p>Es ah\u00ed donde comenzamos con los golpes de calor, los desmayos, la deshidrataci\u00f3n, el malestar corporal etc.<\/p>\n\n\n\n<p>Es muy importante que no hagan deportes al aire libre en las horas de m\u00e1ximo calor y mantenerse bien hidratados ( tomar agua ) no gaseosos ( no aporta nada, al contrario )<\/p>\n\n\n\n<p>Tener cuidado con las personas mayores, ni\u00f1os\/as peque\u00f1os\/as y tambi\u00e9n con los animales, ellos tambi\u00e9n sufren.<\/p>\n\n\n\n<p>Muy importante: No inicies fuego en lugares que no est\u00e9n autorizados, ya que va a estar todo a flor de piel, y cualquier chispa terminar\u00e1 en incendios de grandes dimensiones.<\/p>\n\n\n\n<p>FUENTE DE LA IMAGEN &#x1f449; METEORED &#x1f448;<\/p>\n\n\n\n<p>Fuente:\u00a0<a href=\"https:\/\/www.instagram.com\/climadechascomus_inf_nooficial\/\">@climadechascomus_inf_nooficial<\/a> @<a href=\"https:\/\/www.instagram.com\/meteosanpedro\/\">meteosanpedro<\/a><\/p>\n","protected":false},"excerpt":{"rendered":"<p>Seg\u00fan el modelo GFS de temperaturas la semana entrante tendremos temperaturas m\u00e1ximas extremas en la provincia de Bs As y por ende en San Pedro. VAMOS A DAR UNA EXPLICACI\u00d3N SUPER SENCILLA PARA CUIDARSE DE LOS GOLPES DE CALOR TENIENDO EN CUENTA QUE LA TEMPERATURA M\u00c1XIMA PUEDE SUPERAR LOS 40\u00b0C VARIOS D\u00cdAS La temperatura normal [&hellip;]<\/p>\n","protected":false},"author":4,"featured_media":102849,"comment_status":"closed","ping_status":"closed","sticky":false,"template":"","format":"standard","meta":{"om_disable_all_campaigns":false,"_jetpack_memberships_contains_paid_content":false,"footnotes":""},"categories":[50,101,2],"tags":[197,696,33,19],"class_list":["post-102848","post","type-post","status-publish","format-standard","has-post-thumbnail","hentry","category-destacadas","category-interes-general-locales","category-locales","tag-buenos-aires","tag-interes-general","tag-locales","tag-san-pedro"],"aioseo_notices":[],"gutentor_comment":0,"jetpack_featured_media_url":"https:\/\/eldiariodesanpedro.com.ar\/sitio\/wp-content\/uploads\/2022\/01\/271529593_922243018655072_5617450155878868114_n.webp.jpg","jetpack_shortlink":"https:\/\/wp.me\/p6RhLt-qKQ","jetpack_sharing_enabled":true,"_links":{"self":[{"href":"https:\/\/eldiariodesanpedro.com.ar\/sitio\/wp-json\/wp\/v2\/posts\/102848","targetHints":{"allow":["GET"]}}],"collection":[{"href":"https:\/\/eldiariodesanpedro.com.ar\/sitio\/wp-json\/wp\/v2\/posts"}],"about":[{"href":"https:\/\/eldiariodesanpedro.com.ar\/sitio\/wp-json\/wp\/v2\/types\/post"}],"author":[{"embeddable":true,"href":"https:\/\/eldiariodesanpedro.com.ar\/sitio\/wp-json\/wp\/v2\/users\/4"}],"replies":[{"embeddable":true,"href":"https:\/\/eldiariodesanpedro.com.ar\/sitio\/wp-json\/wp\/v2\/comments?post=102848"}],"version-history":[{"count":1,"href":"https:\/\/eldiariodesanpedro.com.ar\/sitio\/wp-json\/wp\/v2\/posts\/102848\/revisions"}],"predecessor-version":[{"id":102850,"href":"https:\/\/eldiariodesanpedro.com.ar\/sitio\/wp-json\/wp\/v2\/posts\/102848\/revisions\/102850"}],"wp:featuredmedia":[{"embeddable":true,"href":"https:\/\/eldiariodesanpedro.com.ar\/sitio\/wp-json\/wp\/v2\/media\/102849"}],"wp:attachment":[{"href":"https:\/\/eldiariodesanpedro.com.ar\/sitio\/wp-json\/wp\/v2\/media?parent=102848"}],"wp:term":[{"taxonomy":"category","embeddable":true,"href":"https:\/\/eldiariodesanpedro.com.ar\/sitio\/wp-json\/wp\/v2\/categories?post=102848"},{"taxonomy":"post_tag","embeddable":true,"href":"https:\/\/eldiariodesanpedro.com.ar\/sitio\/wp-json\/wp\/v2\/tags?post=102848"}],"curies":[{"name":"wp","href":"https:\/\/api.w.org\/{rel}","templated":true}]}}