{"id":102834,"date":"2022-01-07T16:14:56","date_gmt":"2022-01-07T19:14:56","guid":{"rendered":"https:\/\/eldiariodesanpedro.com.ar\/sitio\/?p=102834"},"modified":"2022-01-07T16:14:58","modified_gmt":"2022-01-07T19:14:58","slug":"reunion-mensual-de-la-mesa-local-de-prevencion-y-atencion-de-violencia-de-genero-y-familiar","status":"publish","type":"post","link":"https:\/\/eldiariodesanpedro.com.ar\/sitio\/reunion-mensual-de-la-mesa-local-de-prevencion-y-atencion-de-violencia-de-genero-y-familiar\/","title":{"rendered":"Reuni\u00f3n mensual de la Mesa Local de Prevenci\u00f3n y Atenci\u00f3n de Violencia de G\u00e9nero y Familiar"},"content":{"rendered":"<!-- VideographyWP Plugin Message: Automatic video embedding prevented by plugin options. -->\n\n<p>Este jueves, como todos los primeros jueves de cada mes, se concret\u00f3 una nueva reuni\u00f3n de la mesa creada por Ordenanza 6332\/18, con la participaci\u00f3n de la secretar\u00eda de Pol\u00edticas de G\u00e9nero, Mujeres y Diversidad, Laura Monfasani, junto con el responsable de los dispositivos G.A.M. y Masculinidades, Pablo De Igarz\u00e1bal; el secretario de Desarrollo Humano, Walter S\u00e1nchez, la integrante del Servicio Local, Adriana Ballerini; la jefa distrital de Educaci\u00f3n, Marcela Luchessi; las concejalas Rita Leguizam\u00f3n, Tamara Vlaeminck, Candelaria Cuscuela y Vanina Cappelletti; la responsable del CAJ, Guadalupe Fraga; la titular de la Comisar\u00eda de la Mujer, Mariana Aguila; y representantes de organizaciones feministas y de diversidad.<\/p>\n\n\n\n<p>La reuni\u00f3n se realiz\u00f3 en el Sal\u00f3n Dorado de la Municipalidad, cumpliendo con los protocolos sanitarios vigentes, incluyendo el pase sanitario.<\/p>\n\n\n\n<p>Durante el encuentro se repasaron estad\u00edsticas aportadas por la Comisar\u00eda de la Mujer y la Familia, donde durante el 2021 se registraron m\u00e1s de dos mil denuncias, entre denuncias penales e infracciones a la ley de violencias de g\u00e9nero, con m\u00e1s de 1500 medidas cautelares notificadas.<\/p>\n\n\n\n<p>El aumento de las denuncias, principalmente de aquellas que dan cuenta de situaciones de violencia de larga data, son entendidas como el avance de las pol\u00edticas de prevenci\u00f3n y sensibilizaci\u00f3n sobre las problem\u00e1ticas de g\u00e9nero en el territorio, pero requieren a su vez de la elaboraci\u00f3n de estrategias que permitan garantizar el acompa\u00f1amiento y asistencia a las y los denunciantes.<\/p>\n\n\n\n<p>Desde la secretar\u00eda de Pol\u00edticas de G\u00e9nero, Mujeres y Diversidad, el licenciado Pablo De Igarz\u00e1bal dio cuenta del inicio del G.A.M., un dispositivo de formato grupal para mujeres y diversidades en situaci\u00f3n de violencia de g\u00e9nero; y Masculinidades, tambi\u00e9n en formato grupal pero para varones que ejercen violencia por razones de g\u00e9nero.<\/p>\n\n\n\n<p>Durante el encuentro, adem\u00e1s, se abordaron distintas opciones para generar alternativas econ\u00f3micas para las mujeres en situaci\u00f3n de violencia y sin recursos para auto sustentarse.<\/p>\n\n\n\n<p>En este sentido, se realiz\u00f3 una planificaci\u00f3n que incluye objetivos a corto, mediano y largo plazo, coordinando con distintas \u00e1reas del Estado y las organizaciones de la sociedad civil.<\/p>\n\n\n\n<p>Asimismo se acord\u00f3 que, en el pr\u00f3ximo encuentro, en el mes de febrero, se continuar\u00e1 con este eje de trabajo conjunto.<\/p>\n\n\n\n<figure class=\"wp-block-image size-full\"><img decoding=\"async\" width=\"840\" height=\"630\" data-attachment-id=\"102835\" data-permalink=\"https:\/\/eldiariodesanpedro.com.ar\/sitio\/reunion-mensual-de-la-mesa-local-de-prevencion-y-atencion-de-violencia-de-genero-y-familiar\/whatsapp-image-2022-01-07-at-12-28-01\/\" data-orig-file=\"https:\/\/eldiariodesanpedro.com.ar\/sitio\/wp-content\/uploads\/2022\/01\/WhatsApp-Image-2022-01-07-at-12.28.01.jpeg\" data-orig-size=\"840,630\" data-comments-opened=\"0\" data-image-meta=\"{&quot;aperture&quot;:&quot;0&quot;,&quot;credit&quot;:&quot;&quot;,&quot;camera&quot;:&quot;&quot;,&quot;caption&quot;:&quot;&quot;,&quot;created_timestamp&quot;:&quot;0&quot;,&quot;copyright&quot;:&quot;&quot;,&quot;focal_length&quot;:&quot;0&quot;,&quot;iso&quot;:&quot;0&quot;,&quot;shutter_speed&quot;:&quot;0&quot;,&quot;title&quot;:&quot;&quot;,&quot;orientation&quot;:&quot;0&quot;}\" data-image-title=\"WhatsApp Image 2022-01-07 at 12.28.01\" data-image-description=\"\" data-image-caption=\"\" data-large-file=\"https:\/\/eldiariodesanpedro.com.ar\/sitio\/wp-content\/uploads\/2022\/01\/WhatsApp-Image-2022-01-07-at-12.28.01.jpeg\" data-src=\"https:\/\/eldiariodesanpedro.com.ar\/sitio\/wp-content\/uploads\/2022\/01\/WhatsApp-Image-2022-01-07-at-12.28.01.jpeg\" alt=\"\" class=\"wp-image-102835 lazyload\" data-srcset=\"https:\/\/eldiariodesanpedro.com.ar\/sitio\/wp-content\/uploads\/2022\/01\/WhatsApp-Image-2022-01-07-at-12.28.01.jpeg 840w, https:\/\/eldiariodesanpedro.com.ar\/sitio\/wp-content\/uploads\/2022\/01\/WhatsApp-Image-2022-01-07-at-12.28.01-300x225.jpeg 300w, https:\/\/eldiariodesanpedro.com.ar\/sitio\/wp-content\/uploads\/2022\/01\/WhatsApp-Image-2022-01-07-at-12.28.01-768x576.jpeg 768w, https:\/\/eldiariodesanpedro.com.ar\/sitio\/wp-content\/uploads\/2022\/01\/WhatsApp-Image-2022-01-07-at-12.28.01-500x375.jpeg 500w\" data-sizes=\"(max-width: 840px) 100vw, 840px\" src=\"data:image\/svg+xml;base64,PHN2ZyB3aWR0aD0iMSIgaGVpZ2h0PSIxIiB4bWxucz0iaHR0cDovL3d3dy53My5vcmcvMjAwMC9zdmciPjwvc3ZnPg==\" style=\"--smush-placeholder-width: 840px; --smush-placeholder-aspect-ratio: 840\/630;\" \/><\/figure>\n","protected":false},"excerpt":{"rendered":"<p>Este jueves, como todos los primeros jueves de cada mes, se concret\u00f3 una nueva reuni\u00f3n de la mesa creada por Ordenanza 6332\/18, con la participaci\u00f3n de la secretar\u00eda de Pol\u00edticas de G\u00e9nero, Mujeres y Diversidad, Laura Monfasani, junto con el responsable de los dispositivos G.A.M. y Masculinidades, Pablo De Igarz\u00e1bal; el secretario de Desarrollo Humano, [&hellip;]<\/p>\n","protected":false},"author":4,"featured_media":102837,"comment_status":"closed","ping_status":"closed","sticky":false,"template":"","format":"standard","meta":{"om_disable_all_campaigns":false,"_jetpack_memberships_contains_paid_content":false,"footnotes":""},"categories":[50,101,2],"tags":[197,696,33,19],"class_list":["post-102834","post","type-post","status-publish","format-standard","has-post-thumbnail","hentry","category-destacadas","category-interes-general-locales","category-locales","tag-buenos-aires","tag-interes-general","tag-locales","tag-san-pedro"],"aioseo_notices":[],"gutentor_comment":0,"jetpack_featured_media_url":"https:\/\/eldiariodesanpedro.com.ar\/sitio\/wp-content\/uploads\/2022\/01\/WhatsApp-Image-2022-01-07-at-12.28.02.jpeg","jetpack_shortlink":"https:\/\/wp.me\/p6RhLt-qKC","jetpack_sharing_enabled":true,"_links":{"self":[{"href":"https:\/\/eldiariodesanpedro.com.ar\/sitio\/wp-json\/wp\/v2\/posts\/102834","targetHints":{"allow":["GET"]}}],"collection":[{"href":"https:\/\/eldiariodesanpedro.com.ar\/sitio\/wp-json\/wp\/v2\/posts"}],"about":[{"href":"https:\/\/eldiariodesanpedro.com.ar\/sitio\/wp-json\/wp\/v2\/types\/post"}],"author":[{"embeddable":true,"href":"https:\/\/eldiariodesanpedro.com.ar\/sitio\/wp-json\/wp\/v2\/users\/4"}],"replies":[{"embeddable":true,"href":"https:\/\/eldiariodesanpedro.com.ar\/sitio\/wp-json\/wp\/v2\/comments?post=102834"}],"version-history":[{"count":2,"href":"https:\/\/eldiariodesanpedro.com.ar\/sitio\/wp-json\/wp\/v2\/posts\/102834\/revisions"}],"predecessor-version":[{"id":102840,"href":"https:\/\/eldiariodesanpedro.com.ar\/sitio\/wp-json\/wp\/v2\/posts\/102834\/revisions\/102840"}],"wp:featuredmedia":[{"embeddable":true,"href":"https:\/\/eldiariodesanpedro.com.ar\/sitio\/wp-json\/wp\/v2\/media\/102837"}],"wp:attachment":[{"href":"https:\/\/eldiariodesanpedro.com.ar\/sitio\/wp-json\/wp\/v2\/media?parent=102834"}],"wp:term":[{"taxonomy":"category","embeddable":true,"href":"https:\/\/eldiariodesanpedro.com.ar\/sitio\/wp-json\/wp\/v2\/categories?post=102834"},{"taxonomy":"post_tag","embeddable":true,"href":"https:\/\/eldiariodesanpedro.com.ar\/sitio\/wp-json\/wp\/v2\/tags?post=102834"}],"curies":[{"name":"wp","href":"https:\/\/api.w.org\/{rel}","templated":true}]}}