{"id":102824,"date":"2022-01-07T12:05:07","date_gmt":"2022-01-07T15:05:07","guid":{"rendered":"https:\/\/eldiariodesanpedro.com.ar\/sitio\/?p=102824"},"modified":"2022-01-07T12:05:09","modified_gmt":"2022-01-07T15:05:09","slug":"operativo-de-testeos-especial-para-mayores-y-con-factores-de-riesgo-ademas-se-exigira-pase-sanitario-en-los-eventos-privados-y-publicos","status":"publish","type":"post","link":"https:\/\/eldiariodesanpedro.com.ar\/sitio\/operativo-de-testeos-especial-para-mayores-y-con-factores-de-riesgo-ademas-se-exigira-pase-sanitario-en-los-eventos-privados-y-publicos\/","title":{"rendered":"Operativo de testeos especial para mayores y con factores de riesgo, adem\u00e1s se exigir\u00e1 pase sanitario en los eventos privados y p\u00fablicos"},"content":{"rendered":"<!-- VideographyWP Plugin Message: Automatic video embedding prevented by plugin options. -->\n\n<p>La Secretar\u00eda de Salud de la Municipalidad de San Pedro informa que para este s\u00e1bado 8 de enero, de 9 a 12 en ANDAR, se ha previsto un operativo especial para testear exclusivamente a mayores de 50 a\u00f1os con s\u00edntomas y personas de cualquier edad con s\u00edntomas compatibles con COVID-19 y factores de riesgo (diabetes, obesidad, cardiopat\u00edas, problemas renales etc.)<\/p>\n\n\n\n<p>Fuera de ese horario y hasta el lunes funcionar\u00e1 como es habitual para situaciones de emergencia, la guardia del Hospital Emilio Ruffa.<\/p>\n\n\n\n<p>La Municipalidad de San Pedro recuerda que en las actividades con convocatoria p\u00fablica y\/o privada previstas para el fin de semana se solicitar\u00e1, en cumplimiento de las normas vigentes, la exhibici\u00f3n del Pase Sanitario.<\/p>\n\n\n\n<p>Se recomienda, una vez m\u00e1s, la prevenci\u00f3n individual y familiar y la disposici\u00f3n total de los elementos de sanitizaci\u00f3n y cuidado que contribuyen a disminuir el riesgo de circulaci\u00f3n del virus.<\/p>\n","protected":false},"excerpt":{"rendered":"<p>La Secretar\u00eda de Salud de la Municipalidad de San Pedro informa que para este s\u00e1bado 8 de enero, de 9 a 12 en ANDAR, se ha previsto un operativo especial para testear exclusivamente a mayores de 50 a\u00f1os con s\u00edntomas y personas de cualquier edad con s\u00edntomas compatibles con COVID-19 y factores de riesgo (diabetes, [&hellip;]<\/p>\n","protected":false},"author":4,"featured_media":102825,"comment_status":"closed","ping_status":"closed","sticky":false,"template":"","format":"standard","meta":{"om_disable_all_campaigns":false,"_jetpack_memberships_contains_paid_content":false,"footnotes":""},"categories":[101,2],"tags":[197,696,33,19],"class_list":["post-102824","post","type-post","status-publish","format-standard","has-post-thumbnail","hentry","category-interes-general-locales","category-locales","tag-buenos-aires","tag-interes-general","tag-locales","tag-san-pedro"],"aioseo_notices":[],"gutentor_comment":0,"jetpack_featured_media_url":"https:\/\/eldiariodesanpedro.com.ar\/sitio\/wp-content\/uploads\/2022\/01\/testeo.jpeg","jetpack_shortlink":"https:\/\/wp.me\/p6RhLt-qKs","jetpack_sharing_enabled":true,"_links":{"self":[{"href":"https:\/\/eldiariodesanpedro.com.ar\/sitio\/wp-json\/wp\/v2\/posts\/102824","targetHints":{"allow":["GET"]}}],"collection":[{"href":"https:\/\/eldiariodesanpedro.com.ar\/sitio\/wp-json\/wp\/v2\/posts"}],"about":[{"href":"https:\/\/eldiariodesanpedro.com.ar\/sitio\/wp-json\/wp\/v2\/types\/post"}],"author":[{"embeddable":true,"href":"https:\/\/eldiariodesanpedro.com.ar\/sitio\/wp-json\/wp\/v2\/users\/4"}],"replies":[{"embeddable":true,"href":"https:\/\/eldiariodesanpedro.com.ar\/sitio\/wp-json\/wp\/v2\/comments?post=102824"}],"version-history":[{"count":1,"href":"https:\/\/eldiariodesanpedro.com.ar\/sitio\/wp-json\/wp\/v2\/posts\/102824\/revisions"}],"predecessor-version":[{"id":102826,"href":"https:\/\/eldiariodesanpedro.com.ar\/sitio\/wp-json\/wp\/v2\/posts\/102824\/revisions\/102826"}],"wp:featuredmedia":[{"embeddable":true,"href":"https:\/\/eldiariodesanpedro.com.ar\/sitio\/wp-json\/wp\/v2\/media\/102825"}],"wp:attachment":[{"href":"https:\/\/eldiariodesanpedro.com.ar\/sitio\/wp-json\/wp\/v2\/media?parent=102824"}],"wp:term":[{"taxonomy":"category","embeddable":true,"href":"https:\/\/eldiariodesanpedro.com.ar\/sitio\/wp-json\/wp\/v2\/categories?post=102824"},{"taxonomy":"post_tag","embeddable":true,"href":"https:\/\/eldiariodesanpedro.com.ar\/sitio\/wp-json\/wp\/v2\/tags?post=102824"}],"curies":[{"name":"wp","href":"https:\/\/api.w.org\/{rel}","templated":true}]}}