{"id":102822,"date":"2022-01-07T11:56:53","date_gmt":"2022-01-07T14:56:53","guid":{"rendered":"https:\/\/eldiariodesanpedro.com.ar\/sitio\/?p=102822"},"modified":"2022-01-07T11:56:55","modified_gmt":"2022-01-07T14:56:55","slug":"coronavirus-841-personas-infectadas-en-este-momento-nuevo-record-de-activos","status":"publish","type":"post","link":"https:\/\/eldiariodesanpedro.com.ar\/sitio\/coronavirus-841-personas-infectadas-en-este-momento-nuevo-record-de-activos\/","title":{"rendered":"Coronavirus: 841 personas infectadas en este momento, nuevo record de activos"},"content":{"rendered":"<!-- VideographyWP Plugin Message: Automatic video embedding prevented by plugin options. -->\n\n<p>La Secretar\u00eda de Salud de la Municipalidad de San Pedro brinda el informe oficial del d\u00eda de la fecha, en el seguimiento de la Pandemia de Covid-19 con los resultados obtenidos en el operativo de testeos p\u00fablicos realizado ayer m\u00e1s los informes de de PCR&#8217;s recibidos.<\/p>\n\n\n\n<p>Hoy se incorporan 72 altas y se enviaron 25 nuevos PCR.<\/p>\n\n\n\n<p>Resumen actualizado de informaci\u00f3n oficial <br>Nuevos Positivos: 156 (4 por PCR) <br>Nuevos Negativos: 288 (9 por PCR) <br>Activos: 841 <br>Recuperados: 6327 <br>Fallecidos: 243<\/p>\n\n\n\n<p>Los datos consignados en este informe corresponden procesados desde la Secretar\u00eda de Salud por test en centros oficiales y env\u00edos al Laboratorio Central LAB.<\/p>\n\n\n\n<p>&#x1f449; Completar esquema de vacunas<br>&#x1f449; Presentar PASE SANITARIO<br>&#x1f449; Usar adecuadamente el barbijo.<br>&#x1f449; Mantener la distancia m\u00ednima de 2 metros.<br>&#x1f449; Extremar la higiene de los espacios.<br>&#x1f449; Mantener las manos limpias.<\/p>\n","protected":false},"excerpt":{"rendered":"<p>La Secretar\u00eda de Salud de la Municipalidad de San Pedro brinda el informe oficial del d\u00eda de la fecha, en el seguimiento de la Pandemia de Covid-19 con los resultados obtenidos en el operativo de testeos p\u00fablicos realizado ayer m\u00e1s los informes de de PCR&#8217;s recibidos. Hoy se incorporan 72 altas y se enviaron 25 [&hellip;]<\/p>\n","protected":false},"author":4,"featured_media":98357,"comment_status":"closed","ping_status":"closed","sticky":false,"template":"","format":"standard","meta":{"om_disable_all_campaigns":false,"_jetpack_memberships_contains_paid_content":false,"footnotes":""},"categories":[50,101,2],"tags":[197,696,33,19],"class_list":["post-102822","post","type-post","status-publish","format-standard","has-post-thumbnail","hentry","category-destacadas","category-interes-general-locales","category-locales","tag-buenos-aires","tag-interes-general","tag-locales","tag-san-pedro"],"aioseo_notices":[],"gutentor_comment":0,"jetpack_featured_media_url":"https:\/\/eldiariodesanpedro.com.ar\/sitio\/wp-content\/uploads\/2021\/09\/coronavirus-asintomaticos-suponen-43-casos-positivos-5695_620x368.jpg","jetpack_shortlink":"https:\/\/wp.me\/p6RhLt-qKq","jetpack_sharing_enabled":true,"_links":{"self":[{"href":"https:\/\/eldiariodesanpedro.com.ar\/sitio\/wp-json\/wp\/v2\/posts\/102822","targetHints":{"allow":["GET"]}}],"collection":[{"href":"https:\/\/eldiariodesanpedro.com.ar\/sitio\/wp-json\/wp\/v2\/posts"}],"about":[{"href":"https:\/\/eldiariodesanpedro.com.ar\/sitio\/wp-json\/wp\/v2\/types\/post"}],"author":[{"embeddable":true,"href":"https:\/\/eldiariodesanpedro.com.ar\/sitio\/wp-json\/wp\/v2\/users\/4"}],"replies":[{"embeddable":true,"href":"https:\/\/eldiariodesanpedro.com.ar\/sitio\/wp-json\/wp\/v2\/comments?post=102822"}],"version-history":[{"count":1,"href":"https:\/\/eldiariodesanpedro.com.ar\/sitio\/wp-json\/wp\/v2\/posts\/102822\/revisions"}],"predecessor-version":[{"id":102823,"href":"https:\/\/eldiariodesanpedro.com.ar\/sitio\/wp-json\/wp\/v2\/posts\/102822\/revisions\/102823"}],"wp:featuredmedia":[{"embeddable":true,"href":"https:\/\/eldiariodesanpedro.com.ar\/sitio\/wp-json\/wp\/v2\/media\/98357"}],"wp:attachment":[{"href":"https:\/\/eldiariodesanpedro.com.ar\/sitio\/wp-json\/wp\/v2\/media?parent=102822"}],"wp:term":[{"taxonomy":"category","embeddable":true,"href":"https:\/\/eldiariodesanpedro.com.ar\/sitio\/wp-json\/wp\/v2\/categories?post=102822"},{"taxonomy":"post_tag","embeddable":true,"href":"https:\/\/eldiariodesanpedro.com.ar\/sitio\/wp-json\/wp\/v2\/tags?post=102822"}],"curies":[{"name":"wp","href":"https:\/\/api.w.org\/{rel}","templated":true}]}}