{"id":102817,"date":"2022-01-07T10:07:50","date_gmt":"2022-01-07T13:07:50","guid":{"rendered":"https:\/\/eldiariodesanpedro.com.ar\/sitio\/?p=102817"},"modified":"2022-01-07T10:07:52","modified_gmt":"2022-01-07T13:07:52","slug":"manana-comienza-verano-peatonal-2022","status":"publish","type":"post","link":"https:\/\/eldiariodesanpedro.com.ar\/sitio\/manana-comienza-verano-peatonal-2022\/","title":{"rendered":"Ma\u00f1ana comienza verano peatonal 2022"},"content":{"rendered":"<!-- VideographyWP Plugin Message: Automatic video embedding prevented by plugin options. -->\n\n<p>Este fin de semana comienza con todo y la costa sampedrina te espera con la mejor propuesta para disfrutar por las noches.<\/p>\n\n\n\n<p> El corte ser\u00e1 desde las 20 hs en la calle 11 de Septiembre con paso asistido de veh\u00edculos en la intersecci\u00f3n de la calle J. de Garay, continuando en el paseo \u00abAgenor Almada\u00bb.<\/p>\n\n\n\n<p> El pr\u00f3ximo fin de semana la peatonal se trasladar\u00e1 a la zona c\u00e9ntrica de la ciudad, e ir\u00e1 intercalando as\u00ed cada semana (entre la costanera y el centro)<\/p>\n\n\n\n<p>\u00a1Te esperamos!<\/p>\n\n\n\n<p>MUY IMPORTANTE: recordamos que debido al momento sanitario que estamos pasando pedimos a la ciudadan\u00eda los cuidados necesarios para poder seguir disfrutando de actividades como estas; barbijo, distanciamiento y alcohol nos permitir\u00e1n seguir desarrollando las propuestas.<\/p>\n\n\n\n<figure class=\"wp-block-image size-full\"><img decoding=\"async\" width=\"630\" height=\"630\" data-attachment-id=\"102819\" data-permalink=\"https:\/\/eldiariodesanpedro.com.ar\/sitio\/manana-comienza-verano-peatonal-2022\/whatsapp-image-2022-01-07-at-08-42-19\/\" data-orig-file=\"https:\/\/eldiariodesanpedro.com.ar\/sitio\/wp-content\/uploads\/2022\/01\/WhatsApp-Image-2022-01-07-at-08.42.19.jpeg\" data-orig-size=\"630,630\" data-comments-opened=\"0\" data-image-meta=\"{&quot;aperture&quot;:&quot;0&quot;,&quot;credit&quot;:&quot;&quot;,&quot;camera&quot;:&quot;&quot;,&quot;caption&quot;:&quot;&quot;,&quot;created_timestamp&quot;:&quot;0&quot;,&quot;copyright&quot;:&quot;&quot;,&quot;focal_length&quot;:&quot;0&quot;,&quot;iso&quot;:&quot;0&quot;,&quot;shutter_speed&quot;:&quot;0&quot;,&quot;title&quot;:&quot;&quot;,&quot;orientation&quot;:&quot;0&quot;}\" data-image-title=\"WhatsApp Image 2022-01-07 at 08.42.19\" data-image-description=\"\" data-image-caption=\"\" data-large-file=\"https:\/\/eldiariodesanpedro.com.ar\/sitio\/wp-content\/uploads\/2022\/01\/WhatsApp-Image-2022-01-07-at-08.42.19.jpeg\" data-src=\"https:\/\/eldiariodesanpedro.com.ar\/sitio\/wp-content\/uploads\/2022\/01\/WhatsApp-Image-2022-01-07-at-08.42.19.jpeg\" alt=\"\" class=\"wp-image-102819 lazyload\" data-srcset=\"https:\/\/eldiariodesanpedro.com.ar\/sitio\/wp-content\/uploads\/2022\/01\/WhatsApp-Image-2022-01-07-at-08.42.19.jpeg 630w, https:\/\/eldiariodesanpedro.com.ar\/sitio\/wp-content\/uploads\/2022\/01\/WhatsApp-Image-2022-01-07-at-08.42.19-300x300.jpeg 300w, https:\/\/eldiariodesanpedro.com.ar\/sitio\/wp-content\/uploads\/2022\/01\/WhatsApp-Image-2022-01-07-at-08.42.19-150x150.jpeg 150w\" data-sizes=\"(max-width: 630px) 100vw, 630px\" src=\"data:image\/svg+xml;base64,PHN2ZyB3aWR0aD0iMSIgaGVpZ2h0PSIxIiB4bWxucz0iaHR0cDovL3d3dy53My5vcmcvMjAwMC9zdmciPjwvc3ZnPg==\" style=\"--smush-placeholder-width: 630px; --smush-placeholder-aspect-ratio: 630\/630;\" \/><\/figure>\n\n\n\n<figure class=\"wp-block-image size-full\"><img decoding=\"async\" width=\"785\" height=\"557\" data-attachment-id=\"102820\" data-permalink=\"https:\/\/eldiariodesanpedro.com.ar\/sitio\/manana-comienza-verano-peatonal-2022\/whatsapp-image-2022-01-07-at-08-42-19-1\/\" data-orig-file=\"https:\/\/eldiariodesanpedro.com.ar\/sitio\/wp-content\/uploads\/2022\/01\/WhatsApp-Image-2022-01-07-at-08.42.19-1.jpeg\" data-orig-size=\"785,557\" data-comments-opened=\"0\" data-image-meta=\"{&quot;aperture&quot;:&quot;0&quot;,&quot;credit&quot;:&quot;&quot;,&quot;camera&quot;:&quot;&quot;,&quot;caption&quot;:&quot;&quot;,&quot;created_timestamp&quot;:&quot;0&quot;,&quot;copyright&quot;:&quot;&quot;,&quot;focal_length&quot;:&quot;0&quot;,&quot;iso&quot;:&quot;0&quot;,&quot;shutter_speed&quot;:&quot;0&quot;,&quot;title&quot;:&quot;&quot;,&quot;orientation&quot;:&quot;0&quot;}\" data-image-title=\"WhatsApp-Image-2022-01-07-at-08.42.19-1\" data-image-description=\"\" data-image-caption=\"\" data-large-file=\"https:\/\/eldiariodesanpedro.com.ar\/sitio\/wp-content\/uploads\/2022\/01\/WhatsApp-Image-2022-01-07-at-08.42.19-1.jpeg\" data-src=\"https:\/\/eldiariodesanpedro.com.ar\/sitio\/wp-content\/uploads\/2022\/01\/WhatsApp-Image-2022-01-07-at-08.42.19-1.jpeg\" alt=\"\" class=\"wp-image-102820 lazyload\" data-srcset=\"https:\/\/eldiariodesanpedro.com.ar\/sitio\/wp-content\/uploads\/2022\/01\/WhatsApp-Image-2022-01-07-at-08.42.19-1.jpeg 785w, https:\/\/eldiariodesanpedro.com.ar\/sitio\/wp-content\/uploads\/2022\/01\/WhatsApp-Image-2022-01-07-at-08.42.19-1-300x213.jpeg 300w, https:\/\/eldiariodesanpedro.com.ar\/sitio\/wp-content\/uploads\/2022\/01\/WhatsApp-Image-2022-01-07-at-08.42.19-1-768x545.jpeg 768w\" data-sizes=\"(max-width: 785px) 100vw, 785px\" src=\"data:image\/svg+xml;base64,PHN2ZyB3aWR0aD0iMSIgaGVpZ2h0PSIxIiB4bWxucz0iaHR0cDovL3d3dy53My5vcmcvMjAwMC9zdmciPjwvc3ZnPg==\" style=\"--smush-placeholder-width: 785px; --smush-placeholder-aspect-ratio: 785\/557;\" \/><\/figure>\n","protected":false},"excerpt":{"rendered":"<p>Este fin de semana comienza con todo y la costa sampedrina te espera con la mejor propuesta para disfrutar por las noches. El corte ser\u00e1 desde las 20 hs en la calle 11 de Septiembre con paso asistido de veh\u00edculos en la intersecci\u00f3n de la calle J. de Garay, continuando en el paseo \u00abAgenor Almada\u00bb. [&hellip;]<\/p>\n","protected":false},"author":4,"featured_media":102818,"comment_status":"closed","ping_status":"closed","sticky":false,"template":"","format":"standard","meta":{"om_disable_all_campaigns":false,"_jetpack_memberships_contains_paid_content":false,"footnotes":""},"categories":[50,101,2],"tags":[197,696,33,19],"class_list":["post-102817","post","type-post","status-publish","format-standard","has-post-thumbnail","hentry","category-destacadas","category-interes-general-locales","category-locales","tag-buenos-aires","tag-interes-general","tag-locales","tag-san-pedro"],"aioseo_notices":[],"gutentor_comment":0,"jetpack_featured_media_url":"https:\/\/eldiariodesanpedro.com.ar\/sitio\/wp-content\/uploads\/2022\/01\/WhatsApp-Image-2021-03-03-at-15.35.21-741x486-1.jpeg","jetpack_shortlink":"https:\/\/wp.me\/p6RhLt-qKl","jetpack_sharing_enabled":true,"_links":{"self":[{"href":"https:\/\/eldiariodesanpedro.com.ar\/sitio\/wp-json\/wp\/v2\/posts\/102817","targetHints":{"allow":["GET"]}}],"collection":[{"href":"https:\/\/eldiariodesanpedro.com.ar\/sitio\/wp-json\/wp\/v2\/posts"}],"about":[{"href":"https:\/\/eldiariodesanpedro.com.ar\/sitio\/wp-json\/wp\/v2\/types\/post"}],"author":[{"embeddable":true,"href":"https:\/\/eldiariodesanpedro.com.ar\/sitio\/wp-json\/wp\/v2\/users\/4"}],"replies":[{"embeddable":true,"href":"https:\/\/eldiariodesanpedro.com.ar\/sitio\/wp-json\/wp\/v2\/comments?post=102817"}],"version-history":[{"count":1,"href":"https:\/\/eldiariodesanpedro.com.ar\/sitio\/wp-json\/wp\/v2\/posts\/102817\/revisions"}],"predecessor-version":[{"id":102821,"href":"https:\/\/eldiariodesanpedro.com.ar\/sitio\/wp-json\/wp\/v2\/posts\/102817\/revisions\/102821"}],"wp:featuredmedia":[{"embeddable":true,"href":"https:\/\/eldiariodesanpedro.com.ar\/sitio\/wp-json\/wp\/v2\/media\/102818"}],"wp:attachment":[{"href":"https:\/\/eldiariodesanpedro.com.ar\/sitio\/wp-json\/wp\/v2\/media?parent=102817"}],"wp:term":[{"taxonomy":"category","embeddable":true,"href":"https:\/\/eldiariodesanpedro.com.ar\/sitio\/wp-json\/wp\/v2\/categories?post=102817"},{"taxonomy":"post_tag","embeddable":true,"href":"https:\/\/eldiariodesanpedro.com.ar\/sitio\/wp-json\/wp\/v2\/tags?post=102817"}],"curies":[{"name":"wp","href":"https:\/\/api.w.org\/{rel}","templated":true}]}}