{"id":102806,"date":"2022-01-07T10:01:11","date_gmt":"2022-01-07T13:01:11","guid":{"rendered":"https:\/\/eldiariodesanpedro.com.ar\/sitio\/?p=102806"},"modified":"2022-01-07T10:01:11","modified_gmt":"2022-01-07T13:01:11","slug":"la-secretaria-de-politicas-de-generos-comparte-su-planificacion-con-sectores-estrategicos-de-la-comunidad","status":"publish","type":"post","link":"https:\/\/eldiariodesanpedro.com.ar\/sitio\/la-secretaria-de-politicas-de-generos-comparte-su-planificacion-con-sectores-estrategicos-de-la-comunidad\/","title":{"rendered":"La Secretar\u00eda de Politicas de Generos comparte su planificaci\u00f3n con sectores estrat\u00e9gicos de la comunidad"},"content":{"rendered":"<!-- VideographyWP Plugin Message: Automatic video embedding prevented by plugin options. -->\n\n<p>La secretaria de Pol\u00edticas de G\u00e9neros, Mujeres y Diversidad Laura Monfasani mantuvo este jueves reuniones con representantes de distintas \u00e1reas e instituciones, con el objetivo de articular acciones conjuntas.<\/p>\n\n\n\n<p>Desde la secretar\u00eda se trabaja en la organizaci\u00f3n de jornadas barriales a desarrollarse durante los meses de verano, con el prop\u00f3sito de acercar las pol\u00edticas p\u00fablicas en materia de g\u00e9nero a los territorios, atendiendo la gran cantidad de denuncias por problem\u00e1ticas vinculadas a las violencias de g\u00e9nero que se registran a diario en la Comisar\u00eda de la Mujer y la Familia de nuestra ciudad.<\/p>\n\n\n\n<p>Con este objetivo, la secretar\u00eda busca desarrollar jornadas de sensibilizaci\u00f3n, prevenci\u00f3n y difusi\u00f3n, acercando al Estado a cada rinc\u00f3n del distrito, articulando con otras \u00e1reas para poder abordar de manera integral las distintas problem\u00e1ticas.<\/p>\n\n\n\n<p>Los primeros encuentros en este sentido tuvieron lugar con la titular de la direcci\u00f3n de Comisiones de Fomento, In\u00e9s Mario; la responsable de la delegaci\u00f3n local de Anses, Tamara Vlaeminck; y el director de Deportes, Mariano Arnal. Tras estas reuniones, cada responsable del \u00e1rea expres\u00f3 su compromiso con el trabajo articulado y se establecieron adem\u00e1s objetivos conjuntos a concretar en los pr\u00f3ximos meses.<\/p>\n\n\n\n<p>Prontamente, tras culminar las reuniones con diversas \u00e1reas, se concretar\u00e1 un encuentro entre todos los sectores intervenientes para definir el cronograma y las caracter\u00edsticas de cada jornada, a fin de dar lugar a la correspondiente difusi\u00f3n.<\/p>\n\n\n\n<figure class=\"wp-block-image size-full\"><img decoding=\"async\" width=\"840\" height=\"630\" data-attachment-id=\"102807\" data-permalink=\"https:\/\/eldiariodesanpedro.com.ar\/sitio\/la-secretaria-de-politicas-de-generos-comparte-su-planificacion-con-sectores-estrategicos-de-la-comunidad\/whatsapp-image-2022-01-06-at-17-25-09\/\" data-orig-file=\"https:\/\/eldiariodesanpedro.com.ar\/sitio\/wp-content\/uploads\/2022\/01\/WhatsApp-Image-2022-01-06-at-17.25.09.jpeg\" data-orig-size=\"840,630\" data-comments-opened=\"0\" data-image-meta=\"{&quot;aperture&quot;:&quot;0&quot;,&quot;credit&quot;:&quot;&quot;,&quot;camera&quot;:&quot;&quot;,&quot;caption&quot;:&quot;&quot;,&quot;created_timestamp&quot;:&quot;0&quot;,&quot;copyright&quot;:&quot;&quot;,&quot;focal_length&quot;:&quot;0&quot;,&quot;iso&quot;:&quot;0&quot;,&quot;shutter_speed&quot;:&quot;0&quot;,&quot;title&quot;:&quot;&quot;,&quot;orientation&quot;:&quot;0&quot;}\" data-image-title=\"WhatsApp Image 2022-01-06 at 17.25.09\" data-image-description=\"\" data-image-caption=\"\" data-large-file=\"https:\/\/eldiariodesanpedro.com.ar\/sitio\/wp-content\/uploads\/2022\/01\/WhatsApp-Image-2022-01-06-at-17.25.09.jpeg\" data-src=\"https:\/\/eldiariodesanpedro.com.ar\/sitio\/wp-content\/uploads\/2022\/01\/WhatsApp-Image-2022-01-06-at-17.25.09.jpeg\" alt=\"\" class=\"wp-image-102807 lazyload\" data-srcset=\"https:\/\/eldiariodesanpedro.com.ar\/sitio\/wp-content\/uploads\/2022\/01\/WhatsApp-Image-2022-01-06-at-17.25.09.jpeg 840w, https:\/\/eldiariodesanpedro.com.ar\/sitio\/wp-content\/uploads\/2022\/01\/WhatsApp-Image-2022-01-06-at-17.25.09-300x225.jpeg 300w, https:\/\/eldiariodesanpedro.com.ar\/sitio\/wp-content\/uploads\/2022\/01\/WhatsApp-Image-2022-01-06-at-17.25.09-768x576.jpeg 768w, https:\/\/eldiariodesanpedro.com.ar\/sitio\/wp-content\/uploads\/2022\/01\/WhatsApp-Image-2022-01-06-at-17.25.09-500x375.jpeg 500w\" data-sizes=\"(max-width: 840px) 100vw, 840px\" src=\"data:image\/svg+xml;base64,PHN2ZyB3aWR0aD0iMSIgaGVpZ2h0PSIxIiB4bWxucz0iaHR0cDovL3d3dy53My5vcmcvMjAwMC9zdmciPjwvc3ZnPg==\" style=\"--smush-placeholder-width: 840px; --smush-placeholder-aspect-ratio: 840\/630;\" \/><\/figure>\n\n\n\n<figure class=\"wp-block-image size-full\"><img decoding=\"async\" width=\"840\" height=\"630\" data-attachment-id=\"102809\" data-permalink=\"https:\/\/eldiariodesanpedro.com.ar\/sitio\/la-secretaria-de-politicas-de-generos-comparte-su-planificacion-con-sectores-estrategicos-de-la-comunidad\/whatsapp-image-2022-01-06-at-17-28-28\/\" data-orig-file=\"https:\/\/eldiariodesanpedro.com.ar\/sitio\/wp-content\/uploads\/2022\/01\/WhatsApp-Image-2022-01-06-at-17.28.28.jpeg\" data-orig-size=\"840,630\" data-comments-opened=\"0\" data-image-meta=\"{&quot;aperture&quot;:&quot;0&quot;,&quot;credit&quot;:&quot;&quot;,&quot;camera&quot;:&quot;&quot;,&quot;caption&quot;:&quot;&quot;,&quot;created_timestamp&quot;:&quot;0&quot;,&quot;copyright&quot;:&quot;&quot;,&quot;focal_length&quot;:&quot;0&quot;,&quot;iso&quot;:&quot;0&quot;,&quot;shutter_speed&quot;:&quot;0&quot;,&quot;title&quot;:&quot;&quot;,&quot;orientation&quot;:&quot;0&quot;}\" data-image-title=\"WhatsApp Image 2022-01-06 at 17.28.28\" data-image-description=\"\" data-image-caption=\"\" data-large-file=\"https:\/\/eldiariodesanpedro.com.ar\/sitio\/wp-content\/uploads\/2022\/01\/WhatsApp-Image-2022-01-06-at-17.28.28.jpeg\" data-src=\"https:\/\/eldiariodesanpedro.com.ar\/sitio\/wp-content\/uploads\/2022\/01\/WhatsApp-Image-2022-01-06-at-17.28.28.jpeg\" alt=\"\" class=\"wp-image-102809 lazyload\" data-srcset=\"https:\/\/eldiariodesanpedro.com.ar\/sitio\/wp-content\/uploads\/2022\/01\/WhatsApp-Image-2022-01-06-at-17.28.28.jpeg 840w, https:\/\/eldiariodesanpedro.com.ar\/sitio\/wp-content\/uploads\/2022\/01\/WhatsApp-Image-2022-01-06-at-17.28.28-300x225.jpeg 300w, https:\/\/eldiariodesanpedro.com.ar\/sitio\/wp-content\/uploads\/2022\/01\/WhatsApp-Image-2022-01-06-at-17.28.28-768x576.jpeg 768w, https:\/\/eldiariodesanpedro.com.ar\/sitio\/wp-content\/uploads\/2022\/01\/WhatsApp-Image-2022-01-06-at-17.28.28-500x375.jpeg 500w\" data-sizes=\"(max-width: 840px) 100vw, 840px\" src=\"data:image\/svg+xml;base64,PHN2ZyB3aWR0aD0iMSIgaGVpZ2h0PSIxIiB4bWxucz0iaHR0cDovL3d3dy53My5vcmcvMjAwMC9zdmciPjwvc3ZnPg==\" style=\"--smush-placeholder-width: 840px; --smush-placeholder-aspect-ratio: 840\/630;\" \/><\/figure>\n","protected":false},"excerpt":{"rendered":"<p>La secretaria de Pol\u00edticas de G\u00e9neros, Mujeres y Diversidad Laura Monfasani mantuvo este jueves reuniones con representantes de distintas \u00e1reas e instituciones, con el objetivo de articular acciones conjuntas. Desde la secretar\u00eda se trabaja en la organizaci\u00f3n de jornadas barriales a desarrollarse durante los meses de verano, con el prop\u00f3sito de acercar las pol\u00edticas p\u00fablicas [&hellip;]<\/p>\n","protected":false},"author":4,"featured_media":102808,"comment_status":"closed","ping_status":"","sticky":false,"template":"","format":"standard","meta":{"om_disable_all_campaigns":false,"_jetpack_memberships_contains_paid_content":false,"footnotes":""},"categories":[50,101,2],"tags":[197,696,33,19],"class_list":["post-102806","post","type-post","status-publish","format-standard","has-post-thumbnail","hentry","category-destacadas","category-interes-general-locales","category-locales","tag-buenos-aires","tag-interes-general","tag-locales","tag-san-pedro"],"aioseo_notices":[],"gutentor_comment":0,"jetpack_featured_media_url":"https:\/\/eldiariodesanpedro.com.ar\/sitio\/wp-content\/uploads\/2022\/01\/WhatsApp-Image-2022-01-06-at-17.25.12.jpeg","jetpack_shortlink":"https:\/\/wp.me\/p6RhLt-qKa","jetpack_sharing_enabled":true,"_links":{"self":[{"href":"https:\/\/eldiariodesanpedro.com.ar\/sitio\/wp-json\/wp\/v2\/posts\/102806","targetHints":{"allow":["GET"]}}],"collection":[{"href":"https:\/\/eldiariodesanpedro.com.ar\/sitio\/wp-json\/wp\/v2\/posts"}],"about":[{"href":"https:\/\/eldiariodesanpedro.com.ar\/sitio\/wp-json\/wp\/v2\/types\/post"}],"author":[{"embeddable":true,"href":"https:\/\/eldiariodesanpedro.com.ar\/sitio\/wp-json\/wp\/v2\/users\/4"}],"replies":[{"embeddable":true,"href":"https:\/\/eldiariodesanpedro.com.ar\/sitio\/wp-json\/wp\/v2\/comments?post=102806"}],"version-history":[{"count":1,"href":"https:\/\/eldiariodesanpedro.com.ar\/sitio\/wp-json\/wp\/v2\/posts\/102806\/revisions"}],"predecessor-version":[{"id":102810,"href":"https:\/\/eldiariodesanpedro.com.ar\/sitio\/wp-json\/wp\/v2\/posts\/102806\/revisions\/102810"}],"wp:featuredmedia":[{"embeddable":true,"href":"https:\/\/eldiariodesanpedro.com.ar\/sitio\/wp-json\/wp\/v2\/media\/102808"}],"wp:attachment":[{"href":"https:\/\/eldiariodesanpedro.com.ar\/sitio\/wp-json\/wp\/v2\/media?parent=102806"}],"wp:term":[{"taxonomy":"category","embeddable":true,"href":"https:\/\/eldiariodesanpedro.com.ar\/sitio\/wp-json\/wp\/v2\/categories?post=102806"},{"taxonomy":"post_tag","embeddable":true,"href":"https:\/\/eldiariodesanpedro.com.ar\/sitio\/wp-json\/wp\/v2\/tags?post=102806"}],"curies":[{"name":"wp","href":"https:\/\/api.w.org\/{rel}","templated":true}]}}