{"id":102800,"date":"2022-01-07T09:54:09","date_gmt":"2022-01-07T12:54:09","guid":{"rendered":"https:\/\/eldiariodesanpedro.com.ar\/sitio\/?p=102800"},"modified":"2022-01-07T09:54:10","modified_gmt":"2022-01-07T12:54:10","slug":"san-pedro-abre-la-temporada-2022-con-todo","status":"publish","type":"post","link":"https:\/\/eldiariodesanpedro.com.ar\/sitio\/san-pedro-abre-la-temporada-2022-con-todo\/","title":{"rendered":"San Pedro abre la temporada 2022 con todo"},"content":{"rendered":"<!-- VideographyWP Plugin Message: Automatic video embedding prevented by plugin options. -->\n\n<p>Con la presencia de los artistas m\u00e1s destacados la ciudad pone en marcha otra atractiva temporada. Carmen Barbieri, Marcelo Polino, Marcela Tauro, Rodrigo Tapari y La Delio Valdez son las propuestas m\u00e1s sobresalientes.<\/p>\n\n\n\n<p>La ciudad se prepara para otra temporada cargada de propuestas y atractivos de todo tipo y arranca este fin de semana donde se implementar\u00e1 la Peatonal del Verano organizada en conjunto con la C\u00e1mara de Turismo del Centro de Comercio, intercalando un fin de semana en el Paseo de los Canastos y otro sobre calle Mitre.&nbsp;&nbsp;<\/p>\n\n\n\n<p>Este s\u00e1bado 8 y domingo 9 desde las, se cortar\u00e1 las Avenida 11 de Septiembre entre el 100 y la costanera para la circulaci\u00f3n peatonal. El fin de semana del 15 y 16, las propuestas se trasladar\u00e1n a la zona c\u00e9ntrica sobre calle Mitre y Pellegrini.&nbsp;<\/p>\n\n\n\n<p>In\u00e9s Mario, Directora de Comisiones de Fomento brind\u00f3 el cronograma del Ciclo Cine Bajo las Estrellas que comienza el jueves en Santa Luc\u00eda con \u00abLa Odisea de los Giles\u00bb y sigue el&nbsp;viernes en Gobernador Castro con la proyecci\u00f3n de \u00abEl Robo del Siglo\u00bb y el domingo 9 con \u00abMi Obra Maestra\u00bb en la Plaza Belgrano.&nbsp;<\/p>\n\n\n\n<p>Ser\u00e1n siempre proyecciones al aire libre, a las 20:30, y el calendario completo que recorre las localidades, barrios y la Plaza Belgrano estar\u00e1 disponible en las redes sociales oficiales.<\/p>\n\n\n\n<p>Angel Alvarez, delegado de Gobernador Casto junto al Coordinador de Producci\u00f3n Hugo Ram\u00edrez adelantaron detalles de la 22\u00b0 Fiesta del Durazno que se desarrollar\u00e1 el 15 y 16 en el campo deportivo de Agricultores con los shows de cierre de La Delio Valdez el s\u00e1bado y Rodrigo Tapari el domingo.&nbsp;Ser\u00e1 el regreso de la fiesta con grandes expectativas para todos los vecinos de la localidad con entradas muy accesibles en venta en la puerta del predio en cada jornada.&nbsp;<\/p>\n\n\n\n<p>Alejandro Cupit\u00f3 y Facundo Venencio de CV Producciones,&nbsp;presentaron las propuestas con las que se consolida el objetivo de posicionar a San Pedro como una plaza teatral. Luego de la experiencia exitosa del 2021 oficializaron el estreno este s\u00e1bado 8 a las 22, de \u00abHisopad\u00edsimos\u00bb, el espect\u00e1culo que compartir\u00e1n Carmen Barbieri y el propio Alejandro Cupit\u00f3, cuyas siguientes fechas se ir\u00e1n anunciando durante las pr\u00f3ximas semanas.&nbsp;<\/p>\n\n\n\n<p>La misma productora con el apoyo de la Municipalidad de San Pedro comenzar\u00e1 el pr\u00f3ximo 15 de enero a las 23.30 (luego de la funci\u00f3n de Hisopad\u00edsimos), en el Centro Cultural el ciclo Talentos en San Pedro, un reality show en vivo en el que se presentar\u00e1n, todos los s\u00e1bados de la temporada, artistas preseleccionados, conducido por Marcelo Polino y con un jurado encabezado por la periodista Marcela Tauro<\/p>\n\n\n\n<p>Desde la Secretar\u00eda y con el gran trabajo de diferentes \u00e1reas municipales, se ir\u00e1n brindando mayores detalles de la&nbsp;agenda trav\u00e9s de notas de prensa y publicaciones en las redes sociales.&nbsp;<\/p>\n\n\n\n<p>Se inform\u00f3 adem\u00e1s que en todas las actividades se solicitar\u00e1 el Pase Sanitario y se hizo un llamado a todos los sampedrinos a compartir la responsabilidad de este momento tan especial para respaldar estas actividades que generar\u00e1n un movimiento econ\u00f3mico y laboral muy importante para toda la comunidad.<\/p>\n","protected":false},"excerpt":{"rendered":"<p>Con la presencia de los artistas m\u00e1s destacados la ciudad pone en marcha otra atractiva temporada. Carmen Barbieri, Marcelo Polino, Marcela Tauro, Rodrigo Tapari y La Delio Valdez son las propuestas m\u00e1s sobresalientes. La ciudad se prepara para otra temporada cargada de propuestas y atractivos de todo tipo y arranca este fin de semana donde [&hellip;]<\/p>\n","protected":false},"author":4,"featured_media":102801,"comment_status":"closed","ping_status":"closed","sticky":false,"template":"","format":"standard","meta":{"om_disable_all_campaigns":false,"_jetpack_memberships_contains_paid_content":false,"footnotes":""},"categories":[50,101,2],"tags":[197,696,33,19],"class_list":["post-102800","post","type-post","status-publish","format-standard","has-post-thumbnail","hentry","category-destacadas","category-interes-general-locales","category-locales","tag-buenos-aires","tag-interes-general","tag-locales","tag-san-pedro"],"aioseo_notices":[],"gutentor_comment":0,"jetpack_featured_media_url":"https:\/\/eldiariodesanpedro.com.ar\/sitio\/wp-content\/uploads\/2022\/01\/0000020608-resized-1920x1080-1.jpg","jetpack_shortlink":"https:\/\/wp.me\/p6RhLt-qK4","jetpack_sharing_enabled":true,"_links":{"self":[{"href":"https:\/\/eldiariodesanpedro.com.ar\/sitio\/wp-json\/wp\/v2\/posts\/102800","targetHints":{"allow":["GET"]}}],"collection":[{"href":"https:\/\/eldiariodesanpedro.com.ar\/sitio\/wp-json\/wp\/v2\/posts"}],"about":[{"href":"https:\/\/eldiariodesanpedro.com.ar\/sitio\/wp-json\/wp\/v2\/types\/post"}],"author":[{"embeddable":true,"href":"https:\/\/eldiariodesanpedro.com.ar\/sitio\/wp-json\/wp\/v2\/users\/4"}],"replies":[{"embeddable":true,"href":"https:\/\/eldiariodesanpedro.com.ar\/sitio\/wp-json\/wp\/v2\/comments?post=102800"}],"version-history":[{"count":1,"href":"https:\/\/eldiariodesanpedro.com.ar\/sitio\/wp-json\/wp\/v2\/posts\/102800\/revisions"}],"predecessor-version":[{"id":102802,"href":"https:\/\/eldiariodesanpedro.com.ar\/sitio\/wp-json\/wp\/v2\/posts\/102800\/revisions\/102802"}],"wp:featuredmedia":[{"embeddable":true,"href":"https:\/\/eldiariodesanpedro.com.ar\/sitio\/wp-json\/wp\/v2\/media\/102801"}],"wp:attachment":[{"href":"https:\/\/eldiariodesanpedro.com.ar\/sitio\/wp-json\/wp\/v2\/media?parent=102800"}],"wp:term":[{"taxonomy":"category","embeddable":true,"href":"https:\/\/eldiariodesanpedro.com.ar\/sitio\/wp-json\/wp\/v2\/categories?post=102800"},{"taxonomy":"post_tag","embeddable":true,"href":"https:\/\/eldiariodesanpedro.com.ar\/sitio\/wp-json\/wp\/v2\/tags?post=102800"}],"curies":[{"name":"wp","href":"https:\/\/api.w.org\/{rel}","templated":true}]}}