{"id":10280,"date":"2016-11-15T20:10:35","date_gmt":"2016-11-15T23:10:35","guid":{"rendered":"https:\/\/eldiariodesanpedro.com.ar\/sitio\/?p=10280"},"modified":"2026-01-24T00:32:24","modified_gmt":"2026-01-24T03:32:24","slug":"futbol-infantil-se-llevo-a-cabo-la-15a-fecha-del-clausura","status":"publish","type":"post","link":"https:\/\/eldiariodesanpedro.com.ar\/sitio\/futbol-infantil-se-llevo-a-cabo-la-15a-fecha-del-clausura\/","title":{"rendered":"F\u00daTBOL INFANTIL: Se llev\u00f3 a cabo la 15\u00aa fecha del Clausura"},"content":{"rendered":"<p><!-- VideographyWP Plugin Message: Automatic video embedding prevented by plugin options. --><br \/>\nLa Liga Infantil program\u00f3 fecha para s\u00e1bado y domingo, pero las condiciones del tiempo el segundo d\u00eda no fue el mejor y se suspendi\u00f3 la jornada 16.<\/p>\n<p><strong><br \/>\nIndependiente (RT) vs. Independencia  <\/strong><br \/>\n1 &#8211; 2 (2009)        2 &#8211; 1 (2008)        0 &#8211; 0 (2007)        0 &#8211; 6 (2006)        0 &#8211; 3 (2005)        0 &#8211; 5 (2004)<\/p>\n<p><strong>El Tanque vs. Agricultores<\/strong><br \/>\n1 &#8211; 1 (2009)        2 &#8211; 0 (2008)        4 &#8211; 1 (2007)        3 &#8211; 2 (2006)        4 &#8211; 2 (2005)        8 &#8211; 0 (2004)<\/p>\n<p><strong>Castro vs. Pescadores<\/strong><br \/>\n2 &#8211; 1 (2009)        0 &#8211; 3 (2008)        1 &#8211; 2 (2007)        1 &#8211; 2 (2006)        0 &#8211; 8 (2005)        2 &#8211; 0 (2004)<\/p>\n<p><strong>Rivadavia vs. Mitre <\/strong><br \/>\n2 &#8211; 4 (2009)        3 &#8211; 4 (2008)        0 &#8211; 2 (2007)        1 &#8211; 3 (2006)        1 &#8211; 0 (2005)        0 &#8211; 3 (2004)<\/p>\n<p><strong>El Porvenir vs. Los Andes <\/strong><br \/>\n4 &#8211; 0 (2009)        2 &#8211; 1 (2008)        6 &#8211; 0 (2007)        5 &#8211; 0 (2006)        8 &#8211; 0 (2005)        3 &#8211; 0 (2004)<\/p>\n<p><strong>Racing vs. San Roque<\/strong><br \/>\n-suspendido (2008)        0 &#8211; 8 (2007)        1 &#8211; 4 (2006)        7 &#8211; 0 (2005)        0 &#8211; 4 (2004)<\/p>\n<p><strong>Am\u00e9rica vs. Fundici\u00f3n  <\/strong><br \/>\n0 &#8211; 4 (2009)        4 &#8211; 1 (2008)        0 &#8211; 4 (2007)        0 &#8211; 3 (2006)        0 &#8211; 0 (2005)        0 &#8211; 1 (2004)<\/p>\n<p><strong>Paran\u00e1 vs. Atl\u00e9tico <\/strong><br \/>\n7 &#8211; 0 (2009)        4 &#8211; 1 (2008)        4 &#8211; 0 (2007)        8 &#8211; 1 (2006)        6 &#8211; 2 (2005)        4 &#8211; 1 (2004)<\/p>\n<p><strong>Villa Igoillo vs. Gral. San Mart\u00edn <\/strong><br \/>\n0 &#8211; 1 (2009)        0 &#8211; 3 (2008)        0 &#8211; 7 (2007)        0 &#8211; 5 (2006)        1 &#8211; 3 (2005)        4 &#8211; 1 (2004)<\/p>\n<p><strong>Sportivo vs. Defensores Unidos <\/strong><br \/>\n1 &#8211; 0 (2008)        3 &#8211; 0 (2007)        1 &#8211; 0 (2006)        2 &#8211; 0 (2005)        5 &#8211; 0 (2004)<\/p>\n<p><strong>Costa Azul vs. Dep. Alsina <\/strong><br \/>\n0 &#8211; 0 (2009)        3 &#8211; 0 (2008)        5 &#8211; 1 (2007)        4 &#8211; 0 (2005)        5 &#8211; 1 (2004)<\/p>\n<p>Libre: Central C\u00f3rdoba<\/p>\n","protected":false},"excerpt":{"rendered":"<p>La Liga Infantil program\u00f3 fecha para s\u00e1bado y domingo, pero las condiciones del tiempo el segundo d\u00eda no fue el mejor y se suspendi\u00f3 la jornada 16. Independiente (RT) vs. Independencia 1 &#8211; 2 (2009) 2 &#8211; 1 (2008) 0 &#8211; 0 (2007) 0 &#8211; 6 (2006) 0 &#8211; 3 (2005) 0 &#8211; 5 (2004) [&hellip;]<\/p>\n","protected":false},"author":4,"featured_media":10282,"comment_status":"open","ping_status":"closed","sticky":false,"template":"","format":"standard","meta":{"om_disable_all_campaigns":false,"_jetpack_memberships_contains_paid_content":false,"footnotes":""},"categories":[5],"tags":[],"class_list":["post-10280","post","type-post","status-publish","format-standard","has-post-thumbnail","hentry","category-deportes"],"aioseo_notices":[],"gutentor_comment":0,"jetpack_featured_media_url":"https:\/\/eldiariodesanpedro.com.ar\/sitio\/wp-content\/uploads\/2016\/11\/futbol-infantil.jpg","jetpack_shortlink":"https:\/\/wp.me\/p6RhLt-2FO","jetpack_sharing_enabled":true,"_links":{"self":[{"href":"https:\/\/eldiariodesanpedro.com.ar\/sitio\/wp-json\/wp\/v2\/posts\/10280","targetHints":{"allow":["GET"]}}],"collection":[{"href":"https:\/\/eldiariodesanpedro.com.ar\/sitio\/wp-json\/wp\/v2\/posts"}],"about":[{"href":"https:\/\/eldiariodesanpedro.com.ar\/sitio\/wp-json\/wp\/v2\/types\/post"}],"author":[{"embeddable":true,"href":"https:\/\/eldiariodesanpedro.com.ar\/sitio\/wp-json\/wp\/v2\/users\/4"}],"replies":[{"embeddable":true,"href":"https:\/\/eldiariodesanpedro.com.ar\/sitio\/wp-json\/wp\/v2\/comments?post=10280"}],"version-history":[{"count":2,"href":"https:\/\/eldiariodesanpedro.com.ar\/sitio\/wp-json\/wp\/v2\/posts\/10280\/revisions"}],"predecessor-version":[{"id":10284,"href":"https:\/\/eldiariodesanpedro.com.ar\/sitio\/wp-json\/wp\/v2\/posts\/10280\/revisions\/10284"}],"wp:featuredmedia":[{"embeddable":true,"href":"https:\/\/eldiariodesanpedro.com.ar\/sitio\/wp-json\/wp\/v2\/media\/10282"}],"wp:attachment":[{"href":"https:\/\/eldiariodesanpedro.com.ar\/sitio\/wp-json\/wp\/v2\/media?parent=10280"}],"wp:term":[{"taxonomy":"category","embeddable":true,"href":"https:\/\/eldiariodesanpedro.com.ar\/sitio\/wp-json\/wp\/v2\/categories?post=10280"},{"taxonomy":"post_tag","embeddable":true,"href":"https:\/\/eldiariodesanpedro.com.ar\/sitio\/wp-json\/wp\/v2\/tags?post=10280"}],"curies":[{"name":"wp","href":"https:\/\/api.w.org\/{rel}","templated":true}]}}