{"id":102797,"date":"2022-01-07T09:51:31","date_gmt":"2022-01-07T12:51:31","guid":{"rendered":"https:\/\/eldiariodesanpedro.com.ar\/sitio\/?p=102797"},"modified":"2022-01-07T09:51:33","modified_gmt":"2022-01-07T12:51:33","slug":"era-gerente-de-un-banco-y-dejo-su-trabajo-para-vivir-con-su-familia-en-un-omnibus-que-pasea-por-pinamar","status":"publish","type":"post","link":"https:\/\/eldiariodesanpedro.com.ar\/sitio\/era-gerente-de-un-banco-y-dejo-su-trabajo-para-vivir-con-su-familia-en-un-omnibus-que-pasea-por-pinamar\/","title":{"rendered":"Era gerente de un banco y dej\u00f3 su trabajo para vivir con su familia en un \u00f3mnibus que pasea por Pinamar"},"content":{"rendered":"<!-- VideographyWP Plugin Message: Automatic video embedding prevented by plugin options. -->\n\n<p>Gerardo, Florencia y sus tres hijos tienen como meta recorrer el pa\u00eds y luego llegar a Alaska. En di\u00e1logo con Infobae, cuentan sus motivaciones para abandonar la rutina y las claves para vivir viajando.<\/p>\n\n\n\n<p>Era el mediod\u00eda del 24 de diciembre de 2018.&nbsp;<strong>Gerardo (36) y Florencia (31)<\/strong>, una pareja oriunda de la localidad bonaerense de&nbsp;<strong>San Pedro<\/strong>, estaban celebrando el cumplea\u00f1os de una amiga, la esposa del padrino de uno de sus hijos. Se reunieron en el club n\u00e1utico de esa ciudad y, en v\u00edsperas de Navidad, alzaron las copas para brindar. El clima festivo invit\u00f3 a que lo hicieran en m\u00e1s de una ocasi\u00f3n. \u201cY despu\u00e9s de algunos vinos, en un momento me par\u00e9 y dije&nbsp;<strong>\u2018vamos a brindar porque con Flor nos vamos a recorrer hasta Alaska\u2019<\/strong>\u201d, record\u00f3 el hombre, y enseguida la mujer lo interrumpi\u00f3:&nbsp;<strong>\u201cAh\u00ed me enter\u00e9, hasta ese momento no sab\u00eda nada\u201d<\/strong>.<\/p>\n\n\n\n<p>A poco m\u00e1s de tres a\u00f1os, la vida encuentra a ambos en&nbsp;<strong>Pinamar<\/strong>. Est\u00e1n de paso: junto a sus tres hijos,&nbsp;<strong>Rufino (6), Margarita (4) e Iruya (9 meses)<\/strong>, recorren las calles de la ciudad costera a bordo de un colectivo que despierta la atenci\u00f3n de los veraneantes.&nbsp;<strong>Es un Mercedes Benz 1114 modelo 1982 reconvertido en motorhome<\/strong>, pintado de celeste y blanco, y decorado en el exterior por dibujos que representan a la familia. En ese veh\u00edculo recibieron a&nbsp;<strong>Infobae<\/strong>&nbsp;y dieron a conocer su historia, que tiene nombre:&nbsp;<strong>\u201cALAS Por El Mundo\u201d.<\/strong><\/p>\n\n\n\n<p>Antes de lanzarse a las rutas,&nbsp;<strong>Gerardo trabajaba como gerente de un banco en Jun\u00edn, mientras que Florencia lo hac\u00eda en el Hogar Mar\u00eda Aroza de Gomendio de San Pedro<\/strong>. La pareja comenz\u00f3 su relaci\u00f3n hace 12 a\u00f1os y comparti\u00f3 muchos escapadas, \u201csiempre por vacaciones\u201d, que no los dejaban del todo satisfechos. \u201cEn esos viajes que hac\u00edamos sent\u00edamos que quedaba sabor a poco, sent\u00edamos que reci\u00e9n los \u00faltimos dos d\u00edas antes de volver nos relaj\u00e1bamos. Uno no se puede desconectar\u201d, coincidieron.<\/p>\n\n\n\n<p>El cambio rotundo de su modo de vida se explica en dos sue\u00f1os. Gerardo alucinaba desde hac\u00eda tiempo con la idea de vivir sobre ruedas, pero sent\u00eda que se le hab\u00eda pasado el tren. \u201cEst\u00e1bamos c\u00f3modos. Si nos quer\u00edamos ir de vacaciones, nos \u00edbamos; si quer\u00edamos comprar algo, lo compr\u00e1bamos. Pero por dentro dec\u00eda&nbsp;<strong>por qu\u00e9 quedarnos con eso y no con lo que realmente nos hace felices<\/strong>, y un d\u00eda dije por qu\u00e9 no animarnos, por qu\u00e9 seguir con la rutina\u201d, explic\u00f3 el hombre.<\/p>\n\n\n\n<p>\u201cPero tampoco quise quedarme con lo que yo so\u00f1aba. Entonces le pregunt\u00e9 a Flor qu\u00e9 so\u00f1aba y ella me dijo que deseaba abrir un hogar de ni\u00f1os\u201d, continu\u00f3.<\/p>\n\n\n\n<p>En consecuencia, resolvieron hacer las dos cosas a la vez: \u201cTratamos de hacer en viaje lo que hac\u00edamos en el hogar. Llevamos un inflable, tenemos un cine m\u00f3vil y vamos parando en hogares, en merenderos o en alguna plaza para armar compartir y jugar con los nenes en cualquier pueblo o ciudad donde paremos\u201d.<\/p>\n\n\n\n<p>Una vez decididos, lo primero fue conseguir el medio de transporte, que ser\u00eda tambi\u00e9n su nueva casa. El tama\u00f1o del colectivo fue un dilema: al ver las experiencias de otras familias,&nbsp;<strong>pensaron en uno que tenga suficiente espacio y comodidades, pero no tanto<\/strong>. \u201cSi es chico te permite entrar a la ciudad, a las plazas; en cambio si es m\u00e1s grande, es m\u00e1s dif\u00edcil para estacionar\u201d, se plantearon. Averiguaron por varios lugares y se enteraron de una posibilidad en Chivilcoy. Lo fueron a ver y les gust\u00f3.&nbsp;<strong>Invirtieron 300 mil pesos y, finalmente, lo compraron el 14 de abril de 2019.&nbsp;<\/strong>Le pusieron un nombre:&nbsp;<strong>Atahualpa<\/strong>.<\/p>\n\n\n\n<p>El vendedor les resolvi\u00f3 gran parte del siguiente paso: \u201cEra una persona que se dedicaba a armar motorhomes. \u00c9l hizo un 70 por ciento del armado. Despu\u00e9s quedaron cosas que las fuimos terminando nosotros. Por ejemplo, le agregamos los paneles solares con los que generamos nuestra electricidad\u201d.<\/p>\n\n\n\n<p>M\u00e1s adelante lleg\u00f3 el momento de desprenderse del mobiliario y otras cosas que no iban a poder llevar:&nbsp;<strong>vendieron la mesa, las sillas, el sill\u00f3n, la cama king size<\/strong>&nbsp;(\u201ces lo \u00fanico que extra\u00f1amos\u201d, dijo la mujer, esbozando una sonrisa).&nbsp;<strong>Tambi\u00e9n sus dos autos<\/strong>: un Toyota Corolla y un Peugeot 307. \u201cLo \u00fanico que no se vendi\u00f3 fue porque no encontramos comprador, pero sigue a la venta\u201d, agrega el hombre.<\/p>\n\n\n\n<p>Una de las primeras preguntas que surgen alrededor de las familias n\u00f3mades est\u00e1 relacionada con la manera de solventar su modo de vida. En el caso de Gerardo y Florencia,&nbsp;<strong>se dedican a la venta de diferentes productos artesanales, algunos con la tem\u00e1tica de su proyecto<\/strong>. Son cuadernos, llaveros, anotadores, pulseras, sahumerios, tapices de macram\u00e9 o calcoman\u00edas que comercializan sobre una mesa plegable recubierta con un mantel de aguayo. \u201cTambi\u00e9n tenemos una tienda virtual en las redes. Y un link en la app cafecito, donde pusimos nuestra informaci\u00f3n y nos ayudan\u201d.<\/p>\n\n\n\n<p>El otro interrogante com\u00fan aparece en torno a la educaci\u00f3n de los chicos. Rufino, si es que se resuelve un tema con la inscripci\u00f3n, empezar\u00eda en marzo la educaci\u00f3n virtual a trav\u00e9s del Sistema de Educaci\u00f3n a Distancia del Ej\u00e9rcito Argentino (SEADEA).<\/p>\n","protected":false},"excerpt":{"rendered":"<p>Gerardo, Florencia y sus tres hijos tienen como meta recorrer el pa\u00eds y luego llegar a Alaska. En di\u00e1logo con Infobae, cuentan sus motivaciones para abandonar la rutina y las claves para vivir viajando. Era el mediod\u00eda del 24 de diciembre de 2018.&nbsp;Gerardo (36) y Florencia (31), una pareja oriunda de la localidad bonaerense de&nbsp;San [&hellip;]<\/p>\n","protected":false},"author":4,"featured_media":102798,"comment_status":"closed","ping_status":"closed","sticky":false,"template":"","format":"standard","meta":{"om_disable_all_campaigns":false,"_jetpack_memberships_contains_paid_content":false,"footnotes":""},"categories":[101,2],"tags":[197,696,33,19],"class_list":["post-102797","post","type-post","status-publish","format-standard","has-post-thumbnail","hentry","category-interes-general-locales","category-locales","tag-buenos-aires","tag-interes-general","tag-locales","tag-san-pedro"],"aioseo_notices":[],"gutentor_comment":0,"jetpack_featured_media_url":"https:\/\/eldiariodesanpedro.com.ar\/sitio\/wp-content\/uploads\/2022\/01\/0000020607-resized-1920x1080-1.jpg","jetpack_shortlink":"https:\/\/wp.me\/p6RhLt-qK1","jetpack_sharing_enabled":true,"_links":{"self":[{"href":"https:\/\/eldiariodesanpedro.com.ar\/sitio\/wp-json\/wp\/v2\/posts\/102797","targetHints":{"allow":["GET"]}}],"collection":[{"href":"https:\/\/eldiariodesanpedro.com.ar\/sitio\/wp-json\/wp\/v2\/posts"}],"about":[{"href":"https:\/\/eldiariodesanpedro.com.ar\/sitio\/wp-json\/wp\/v2\/types\/post"}],"author":[{"embeddable":true,"href":"https:\/\/eldiariodesanpedro.com.ar\/sitio\/wp-json\/wp\/v2\/users\/4"}],"replies":[{"embeddable":true,"href":"https:\/\/eldiariodesanpedro.com.ar\/sitio\/wp-json\/wp\/v2\/comments?post=102797"}],"version-history":[{"count":1,"href":"https:\/\/eldiariodesanpedro.com.ar\/sitio\/wp-json\/wp\/v2\/posts\/102797\/revisions"}],"predecessor-version":[{"id":102799,"href":"https:\/\/eldiariodesanpedro.com.ar\/sitio\/wp-json\/wp\/v2\/posts\/102797\/revisions\/102799"}],"wp:featuredmedia":[{"embeddable":true,"href":"https:\/\/eldiariodesanpedro.com.ar\/sitio\/wp-json\/wp\/v2\/media\/102798"}],"wp:attachment":[{"href":"https:\/\/eldiariodesanpedro.com.ar\/sitio\/wp-json\/wp\/v2\/media?parent=102797"}],"wp:term":[{"taxonomy":"category","embeddable":true,"href":"https:\/\/eldiariodesanpedro.com.ar\/sitio\/wp-json\/wp\/v2\/categories?post=102797"},{"taxonomy":"post_tag","embeddable":true,"href":"https:\/\/eldiariodesanpedro.com.ar\/sitio\/wp-json\/wp\/v2\/tags?post=102797"}],"curies":[{"name":"wp","href":"https:\/\/api.w.org\/{rel}","templated":true}]}}