{"id":102795,"date":"2022-01-07T09:19:56","date_gmt":"2022-01-07T12:19:56","guid":{"rendered":"https:\/\/eldiariodesanpedro.com.ar\/sitio\/?p=102795"},"modified":"2022-01-07T09:19:57","modified_gmt":"2022-01-07T12:19:57","slug":"cronograma-de-pagos-de-anses-para-hoy-viernes-4","status":"publish","type":"post","link":"https:\/\/eldiariodesanpedro.com.ar\/sitio\/cronograma-de-pagos-de-anses-para-hoy-viernes-4\/","title":{"rendered":"Cronograma de pagos de Anses para hoy viernes"},"content":{"rendered":"<!-- VideographyWP Plugin Message: Automatic video embedding prevented by plugin options. -->\n\n<p><strong>El organismo, a cargo de la Lic. Fernanda Raverta, informa que hoy se abonan Pensiones No Contributivas (PNC), Asignaciones de Pago \u00danico y los programas Alimentar para Madres de 7 hijos, Alimentario PAMI, Acompa\u00f1ar y Repro II.<\/strong><strong><\/strong><\/p>\n\n\n\n<p><strong>Pensiones No Contributivas<\/strong><\/p>\n\n\n\n<p>Las sucursales bancarias habilitadas atender\u00e1n por ventanilla solo a titulares de PNC que deban cobrar su haber de enero con documentos terminados en&nbsp;<strong>6&nbsp;<\/strong>y&nbsp;<strong>7<\/strong>.<\/p>\n\n\n\n<p>En este sentido, si bien estas personas no tienen que solicitar turno previo para cobrar este beneficio,&nbsp;deben acercarse a la sucursal bancaria \u00fanicamente en la fecha asignada. De todas formas, los haberes permanecer\u00e1n depositados en sus cuentas.<\/p>\n\n\n\n<p><strong>Asignaciones de&nbsp;Pago&nbsp;\u00danico<\/strong><\/p>\n\n\n\n<p>Desde hoy y hasta el 14 de febrero se pagan las Asignaciones de&nbsp;Pago&nbsp;\u00danico&nbsp;(Matrimonio, Adopci\u00f3n y Nacimiento) para todas las finalizaciones de documento.<\/p>\n\n\n\n<p><strong>Programa Alimentar<\/strong><\/p>\n\n\n\n<p>En el marco del&nbsp;<em>Plan Argentina contra el Hambre<\/em>&nbsp;del Ministerio de Desarrollo Social, ANSES acompa\u00f1a con el pago del programa Alimentar. Hoy cobran Madres de 7 hijos que perciben PNC con documentos concluidos en&nbsp;<strong>6<\/strong>&nbsp;y&nbsp;<strong>7<\/strong>, en la misma cuenta de la prestaci\u00f3n.<\/p>\n\n\n\n<p><strong>Programa Alimentario PAMI<\/strong><\/p>\n\n\n\n<p>En el marco del Programa Alimentario PAMI, ANSES abona hoy el pago extraordinario equivalente al monto del bols\u00f3n de alimentos para titulares de&nbsp;PNC con documentos terminados en&nbsp;<strong>6&nbsp;<\/strong>y<strong>&nbsp;7<\/strong>. Para m\u00e1s informaci\u00f3n se puede ingresar a&nbsp;<a href=\"http:\/\/www.pami.org.ar\/programa-alimentario\" target=\"_blank\" rel=\"noreferrer noopener\">www.pami.org.ar\/programa-alimentario<\/a>.<\/p>\n\n\n\n<p><strong>Programa Acompa\u00f1ar<\/strong><\/p>\n\n\n\n<p><strong>Hoy se realiza el pago del Programa Acompa\u00f1ar del Ministerio de las Mujeres, G\u00e9neros y Diversidad de la Naci\u00f3n, con el objetivo de promover la autonom\u00eda de las mujeres y personas LGBTI+ que se encuentran en riesgo por violencias por motivos de g\u00e9nero.<\/strong><\/p>\n\n\n\n<p><strong>Programa Repro II<\/strong><\/p>\n\n\n\n<p><strong>Hoy se abona el pago a las y los beneficiarios del Programa de Recuperaci\u00f3n Productiva II (REPRO II) de la AFIP<\/strong>, para dar alivio econ\u00f3mico a las compa\u00f1\u00edas y al personal afectado por la ca\u00edda de la actividad debido al Covid-19.<\/p>\n","protected":false},"excerpt":{"rendered":"<p>El organismo, a cargo de la Lic. Fernanda Raverta, informa que hoy se abonan Pensiones No Contributivas (PNC), Asignaciones de Pago \u00danico y los programas Alimentar para Madres de 7 hijos, Alimentario PAMI, Acompa\u00f1ar y Repro II. Pensiones No Contributivas Las sucursales bancarias habilitadas atender\u00e1n por ventanilla solo a titulares de PNC que deban cobrar [&hellip;]<\/p>\n","protected":false},"author":4,"featured_media":74790,"comment_status":"closed","ping_status":"closed","sticky":false,"template":"","format":"standard","meta":{"om_disable_all_campaigns":false,"_jetpack_memberships_contains_paid_content":false,"footnotes":""},"categories":[101,2],"tags":[197,696,33,19],"class_list":["post-102795","post","type-post","status-publish","format-standard","has-post-thumbnail","hentry","category-interes-general-locales","category-locales","tag-buenos-aires","tag-interes-general","tag-locales","tag-san-pedro"],"aioseo_notices":[],"gutentor_comment":0,"jetpack_featured_media_url":"https:\/\/eldiariodesanpedro.com.ar\/sitio\/wp-content\/uploads\/2020\/06\/anses-4.jpg","jetpack_shortlink":"https:\/\/wp.me\/p6RhLt-qJZ","jetpack_sharing_enabled":true,"_links":{"self":[{"href":"https:\/\/eldiariodesanpedro.com.ar\/sitio\/wp-json\/wp\/v2\/posts\/102795","targetHints":{"allow":["GET"]}}],"collection":[{"href":"https:\/\/eldiariodesanpedro.com.ar\/sitio\/wp-json\/wp\/v2\/posts"}],"about":[{"href":"https:\/\/eldiariodesanpedro.com.ar\/sitio\/wp-json\/wp\/v2\/types\/post"}],"author":[{"embeddable":true,"href":"https:\/\/eldiariodesanpedro.com.ar\/sitio\/wp-json\/wp\/v2\/users\/4"}],"replies":[{"embeddable":true,"href":"https:\/\/eldiariodesanpedro.com.ar\/sitio\/wp-json\/wp\/v2\/comments?post=102795"}],"version-history":[{"count":1,"href":"https:\/\/eldiariodesanpedro.com.ar\/sitio\/wp-json\/wp\/v2\/posts\/102795\/revisions"}],"predecessor-version":[{"id":102796,"href":"https:\/\/eldiariodesanpedro.com.ar\/sitio\/wp-json\/wp\/v2\/posts\/102795\/revisions\/102796"}],"wp:featuredmedia":[{"embeddable":true,"href":"https:\/\/eldiariodesanpedro.com.ar\/sitio\/wp-json\/wp\/v2\/media\/74790"}],"wp:attachment":[{"href":"https:\/\/eldiariodesanpedro.com.ar\/sitio\/wp-json\/wp\/v2\/media?parent=102795"}],"wp:term":[{"taxonomy":"category","embeddable":true,"href":"https:\/\/eldiariodesanpedro.com.ar\/sitio\/wp-json\/wp\/v2\/categories?post=102795"},{"taxonomy":"post_tag","embeddable":true,"href":"https:\/\/eldiariodesanpedro.com.ar\/sitio\/wp-json\/wp\/v2\/tags?post=102795"}],"curies":[{"name":"wp","href":"https:\/\/api.w.org\/{rel}","templated":true}]}}