{"id":102785,"date":"2022-01-06T13:56:45","date_gmt":"2022-01-06T16:56:45","guid":{"rendered":"https:\/\/eldiariodesanpedro.com.ar\/sitio\/?p=102785"},"modified":"2022-01-06T13:56:47","modified_gmt":"2022-01-06T16:56:47","slug":"robaron-mas-de-un-millon-de-pesos-joyas-y-una-pistola-glock-calibre-40-a-un-ex-seguridad-del-ministerio-de-justicia-de-la-nacion","status":"publish","type":"post","link":"https:\/\/eldiariodesanpedro.com.ar\/sitio\/robaron-mas-de-un-millon-de-pesos-joyas-y-una-pistola-glock-calibre-40-a-un-ex-seguridad-del-ministerio-de-justicia-de-la-nacion\/","title":{"rendered":"Robaron m\u00e1s de un mill\u00f3n de pesos, joyas y una pistola Glock calibre 40 a un ex  Seguridad del Ministerio de Justicia de la Naci\u00f3n"},"content":{"rendered":"<!-- VideographyWP Plugin Message: Automatic video embedding prevented by plugin options. -->\n\n<p>Ataron y golpearon al director de Seguridad del Ministerio de Justicia de la Naci\u00f3n<\/p>\n\n\n\n<p>Una banda de delincuentes lo redujo en su casa y le rob\u00f3 un mill\u00f3n de pesos, joyas y una pistola. Los ladrones son intensamente buscados<\/p>\n\n\n\n<p>Una banda de delincuentes armados ingres\u00f3 a la casa&nbsp; del director de Seguridad del Ministerio de Justicia de la Naci\u00f3n, Adri\u00e1n Dar\u00edo Corti (47), lo redujo, lo at\u00f3 y le rob\u00f3 alrededor de un mill\u00f3n de pesos, joyas y una pistola. Luego, los delincuentes escaparon y son intensamente buscados por la Polic\u00eda Bonaerense.<\/p>\n\n\n\n<p>Fuentes de la investigaci\u00f3n explicaron &nbsp; que el violento asalto ocurri\u00f3&nbsp; en una propiedad de&nbsp; Villa Jard\u00edn y Corti sufri\u00f3 lesiones leves por los golpes que le aplicaron los delincuentes: eran entre tres y cinco los ladrones que atacaron al funcionario.<\/p>\n\n\n\n<p>La causa es investigada por la UFI N\u00b011 a cargo de la fiscal Viviana Ramos, y por la DDI local que, tras un amplio rastrillaje, encontr\u00f3 el Volkswagen Vento dorado con el que escaparon los delincuentes y que hab\u00eda sido robado al funcionario.<\/p>\n\n\n\n<p>Al auto robado lo hallaron abandonado en el cruce de Basavilbaso y las v\u00edas de ferrocarril cerca de las 6 de este mi\u00e9rcoles.<\/p>\n\n\n\n<p>El asalto ocurri\u00f3 de madrugada y los delincuentes ingresaron por la puerta trasera de la casa del funcionario.<\/p>\n\n\n\n<p>Una vez en el interior de la propiedad, los ladrones lo sorprendieron y lo golpearon en la cabeza. Al menos uno de los asaltantes estaba armado: adem\u00e1s de la plata y las joyas, se llevaron una pistola Glock calibre .40<\/p>\n","protected":false},"excerpt":{"rendered":"<p>Ataron y golpearon al director de Seguridad del Ministerio de Justicia de la Naci\u00f3n Una banda de delincuentes lo redujo en su casa y le rob\u00f3 un mill\u00f3n de pesos, joyas y una pistola. Los ladrones son intensamente buscados Una banda de delincuentes armados ingres\u00f3 a la casa&nbsp; del director de Seguridad del Ministerio de [&hellip;]<\/p>\n","protected":false},"author":4,"featured_media":102741,"comment_status":"closed","ping_status":"closed","sticky":false,"template":"","format":"standard","meta":{"om_disable_all_campaigns":false,"_jetpack_memberships_contains_paid_content":false,"footnotes":""},"categories":[50,2,103],"tags":[],"class_list":["post-102785","post","type-post","status-publish","format-standard","has-post-thumbnail","hentry","category-destacadas","category-locales","category-policiales-locales"],"aioseo_notices":[],"gutentor_comment":0,"jetpack_featured_media_url":"https:\/\/eldiariodesanpedro.com.ar\/sitio\/wp-content\/uploads\/2022\/01\/WhatsApp-Image-2022-01-05-at-10.14.36.jpeg","jetpack_shortlink":"https:\/\/wp.me\/p6RhLt-qJP","jetpack_sharing_enabled":true,"_links":{"self":[{"href":"https:\/\/eldiariodesanpedro.com.ar\/sitio\/wp-json\/wp\/v2\/posts\/102785","targetHints":{"allow":["GET"]}}],"collection":[{"href":"https:\/\/eldiariodesanpedro.com.ar\/sitio\/wp-json\/wp\/v2\/posts"}],"about":[{"href":"https:\/\/eldiariodesanpedro.com.ar\/sitio\/wp-json\/wp\/v2\/types\/post"}],"author":[{"embeddable":true,"href":"https:\/\/eldiariodesanpedro.com.ar\/sitio\/wp-json\/wp\/v2\/users\/4"}],"replies":[{"embeddable":true,"href":"https:\/\/eldiariodesanpedro.com.ar\/sitio\/wp-json\/wp\/v2\/comments?post=102785"}],"version-history":[{"count":1,"href":"https:\/\/eldiariodesanpedro.com.ar\/sitio\/wp-json\/wp\/v2\/posts\/102785\/revisions"}],"predecessor-version":[{"id":102786,"href":"https:\/\/eldiariodesanpedro.com.ar\/sitio\/wp-json\/wp\/v2\/posts\/102785\/revisions\/102786"}],"wp:featuredmedia":[{"embeddable":true,"href":"https:\/\/eldiariodesanpedro.com.ar\/sitio\/wp-json\/wp\/v2\/media\/102741"}],"wp:attachment":[{"href":"https:\/\/eldiariodesanpedro.com.ar\/sitio\/wp-json\/wp\/v2\/media?parent=102785"}],"wp:term":[{"taxonomy":"category","embeddable":true,"href":"https:\/\/eldiariodesanpedro.com.ar\/sitio\/wp-json\/wp\/v2\/categories?post=102785"},{"taxonomy":"post_tag","embeddable":true,"href":"https:\/\/eldiariodesanpedro.com.ar\/sitio\/wp-json\/wp\/v2\/tags?post=102785"}],"curies":[{"name":"wp","href":"https:\/\/api.w.org\/{rel}","templated":true}]}}