{"id":102782,"date":"2022-01-06T13:53:09","date_gmt":"2022-01-06T16:53:09","guid":{"rendered":"https:\/\/eldiariodesanpedro.com.ar\/sitio\/?p=102782"},"modified":"2022-01-06T13:53:11","modified_gmt":"2022-01-06T16:53:11","slug":"baradero-se-detuvo-a-un-sujeto-por-el-abuso-sexual-de-dos-nenas-de-13-anos","status":"publish","type":"post","link":"https:\/\/eldiariodesanpedro.com.ar\/sitio\/baradero-se-detuvo-a-un-sujeto-por-el-abuso-sexual-de-dos-nenas-de-13-anos\/","title":{"rendered":"BARADERO | Se detuvo a un sujeto por el abuso sexual de dos nenas de 13 a\u00f1os"},"content":{"rendered":"<!-- VideographyWP Plugin Message: Automatic video embedding prevented by plugin options. -->\n\n<p>En la jornada de ayer la DDI de Baradero realizo la aprencion en la provincia de Corrientes de un ciudadano mayor de edad quien esta acusado del abuso sexual de dos nenas de 13 a\u00f1os de edad en la ciudad de Baradero.<\/p>\n\n\n\n<p>La denuncia fue radicada el 06 de diciembre de 2021 en la Comisar\u00eda de la Mujer y la Familia de la ciudad vecina.<\/p>\n\n\n\n<p>Los padres de dos menores de 13 a\u00f1os domiciliados en la zona rural l\u00edmite con Capit\u00e1n Sarmiento. Los mismos denunciaron que sus hijas hab\u00edan sido abusadas por un cuidador de un campo vecino.<\/p>\n\n\n\n<p>Con las primeras investigaciones se logr\u00f3 confirmar que el sujeto hab\u00eda renunciado a su trabajo.<\/p>\n\n\n\n<p>Se profundiz\u00f3 la investigaci\u00f3n y se di\u00f3 con el imputado en un trabajo conjunto con la polic\u00eda de Corrientes, y se confirm\u00f3 que el denunciado se encontraba en su ciudad natal en Goya Corrientes.<\/p>\n\n\n\n<p>Es as\u00ed que una comisi\u00f3n de la Sub Ddi Baradero &#8211; San Pedro viaj\u00f3 y llev\u00f3 a cabo la detenci\u00f3n del joven de 23 a\u00f1os.<\/p>\n\n\n\n<p>Ahora el acusado declarar\u00e1 en la fiscal\u00eda Baraderense y quedar\u00e1 detenido en la sede de la Ddi San Nicolas.<\/p>\n","protected":false},"excerpt":{"rendered":"<p>En la jornada de ayer la DDI de Baradero realizo la aprencion en la provincia de Corrientes de un ciudadano mayor de edad quien esta acusado del abuso sexual de dos nenas de 13 a\u00f1os de edad en la ciudad de Baradero. La denuncia fue radicada el 06 de diciembre de 2021 en la Comisar\u00eda [&hellip;]<\/p>\n","protected":false},"author":4,"featured_media":102783,"comment_status":"closed","ping_status":"closed","sticky":false,"template":"","format":"standard","meta":{"om_disable_all_campaigns":false,"_jetpack_memberships_contains_paid_content":false,"footnotes":""},"categories":[621],"tags":[197,696,33,681,19],"class_list":["post-102782","post","type-post","status-publish","format-standard","has-post-thumbnail","hentry","category-regionales","tag-buenos-aires","tag-interes-general","tag-locales","tag-regionales","tag-san-pedro"],"aioseo_notices":[],"gutentor_comment":0,"jetpack_featured_media_url":"https:\/\/eldiariodesanpedro.com.ar\/sitio\/wp-content\/uploads\/2022\/01\/medida.png","jetpack_shortlink":"https:\/\/wp.me\/p6RhLt-qJM","jetpack_sharing_enabled":true,"_links":{"self":[{"href":"https:\/\/eldiariodesanpedro.com.ar\/sitio\/wp-json\/wp\/v2\/posts\/102782","targetHints":{"allow":["GET"]}}],"collection":[{"href":"https:\/\/eldiariodesanpedro.com.ar\/sitio\/wp-json\/wp\/v2\/posts"}],"about":[{"href":"https:\/\/eldiariodesanpedro.com.ar\/sitio\/wp-json\/wp\/v2\/types\/post"}],"author":[{"embeddable":true,"href":"https:\/\/eldiariodesanpedro.com.ar\/sitio\/wp-json\/wp\/v2\/users\/4"}],"replies":[{"embeddable":true,"href":"https:\/\/eldiariodesanpedro.com.ar\/sitio\/wp-json\/wp\/v2\/comments?post=102782"}],"version-history":[{"count":1,"href":"https:\/\/eldiariodesanpedro.com.ar\/sitio\/wp-json\/wp\/v2\/posts\/102782\/revisions"}],"predecessor-version":[{"id":102784,"href":"https:\/\/eldiariodesanpedro.com.ar\/sitio\/wp-json\/wp\/v2\/posts\/102782\/revisions\/102784"}],"wp:featuredmedia":[{"embeddable":true,"href":"https:\/\/eldiariodesanpedro.com.ar\/sitio\/wp-json\/wp\/v2\/media\/102783"}],"wp:attachment":[{"href":"https:\/\/eldiariodesanpedro.com.ar\/sitio\/wp-json\/wp\/v2\/media?parent=102782"}],"wp:term":[{"taxonomy":"category","embeddable":true,"href":"https:\/\/eldiariodesanpedro.com.ar\/sitio\/wp-json\/wp\/v2\/categories?post=102782"},{"taxonomy":"post_tag","embeddable":true,"href":"https:\/\/eldiariodesanpedro.com.ar\/sitio\/wp-json\/wp\/v2\/tags?post=102782"}],"curies":[{"name":"wp","href":"https:\/\/api.w.org\/{rel}","templated":true}]}}