{"id":102779,"date":"2022-01-06T12:46:47","date_gmt":"2022-01-06T15:46:47","guid":{"rendered":"https:\/\/eldiariodesanpedro.com.ar\/sitio\/?p=102779"},"modified":"2022-01-06T12:46:50","modified_gmt":"2022-01-06T15:46:50","slug":"coronavirus-nuevo-record-757-activos-las-cifra-mas-alta-de-la-pandemia","status":"publish","type":"post","link":"https:\/\/eldiariodesanpedro.com.ar\/sitio\/coronavirus-nuevo-record-757-activos-las-cifra-mas-alta-de-la-pandemia\/","title":{"rendered":"Coronavirus: nuevo record 757 activos, las cifra m\u00e1s alta de la pandemia"},"content":{"rendered":"<!-- VideographyWP Plugin Message: Automatic video embedding prevented by plugin options. -->\n\n<p>La Secretar\u00eda de Salud de la Municipalidad de San Pedro brinda el informe oficial del d\u00eda de la fecha, en el seguimiento de la Pandemia de Covid-19.<\/p>\n\n\n\n<p>Hoy se incorporan 78 altas.<\/p>\n\n\n\n<p>Contin\u00faa el operativo de testeos dentro del sistema p\u00fablico, en San Pedro y las localidades.<\/p>\n\n\n\n<p>Resumen actualizado de informaci\u00f3n oficial<br>Nuevos Positivos: 186 (40,43%)<br>Nuevos Negativos: 274<br>Activos: 757<br>Recuperados: 6255<br>Fallecidos: 243<\/p>\n\n\n\n<p>Los datos consignados en este informe corresponden procesados desde la Secretar\u00eda de Salud por test en centros oficiales y env\u00edos al Laboratorio Central LAB.<\/p>\n\n\n\n<p>&#x1f449; Completar esquema de vacunas<br>&#x1f449; Usar tapabocas.<br>&#x1f449; Mantener la distancia m\u00ednima de 2 metros.<br>&#x1f449; Extremar la higiene de los espacios.<br>&#x1f449; Mantener las manos limpias.<\/p>\n","protected":false},"excerpt":{"rendered":"<p>La Secretar\u00eda de Salud de la Municipalidad de San Pedro brinda el informe oficial del d\u00eda de la fecha, en el seguimiento de la Pandemia de Covid-19. Hoy se incorporan 78 altas. Contin\u00faa el operativo de testeos dentro del sistema p\u00fablico, en San Pedro y las localidades. Resumen actualizado de informaci\u00f3n oficialNuevos Positivos: 186 (40,43%)Nuevos [&hellip;]<\/p>\n","protected":false},"author":4,"featured_media":96333,"comment_status":"closed","ping_status":"closed","sticky":false,"template":"","format":"standard","meta":{"om_disable_all_campaigns":false,"_jetpack_memberships_contains_paid_content":false,"footnotes":""},"categories":[50,101,2],"tags":[197,696,33,19],"class_list":["post-102779","post","type-post","status-publish","format-standard","has-post-thumbnail","hentry","category-destacadas","category-interes-general-locales","category-locales","tag-buenos-aires","tag-interes-general","tag-locales","tag-san-pedro"],"aioseo_notices":[],"gutentor_comment":0,"jetpack_featured_media_url":"https:\/\/eldiariodesanpedro.com.ar\/sitio\/wp-content\/uploads\/2021\/07\/00048593.jpg","jetpack_shortlink":"https:\/\/wp.me\/p6RhLt-qJJ","jetpack_sharing_enabled":true,"_links":{"self":[{"href":"https:\/\/eldiariodesanpedro.com.ar\/sitio\/wp-json\/wp\/v2\/posts\/102779","targetHints":{"allow":["GET"]}}],"collection":[{"href":"https:\/\/eldiariodesanpedro.com.ar\/sitio\/wp-json\/wp\/v2\/posts"}],"about":[{"href":"https:\/\/eldiariodesanpedro.com.ar\/sitio\/wp-json\/wp\/v2\/types\/post"}],"author":[{"embeddable":true,"href":"https:\/\/eldiariodesanpedro.com.ar\/sitio\/wp-json\/wp\/v2\/users\/4"}],"replies":[{"embeddable":true,"href":"https:\/\/eldiariodesanpedro.com.ar\/sitio\/wp-json\/wp\/v2\/comments?post=102779"}],"version-history":[{"count":1,"href":"https:\/\/eldiariodesanpedro.com.ar\/sitio\/wp-json\/wp\/v2\/posts\/102779\/revisions"}],"predecessor-version":[{"id":102780,"href":"https:\/\/eldiariodesanpedro.com.ar\/sitio\/wp-json\/wp\/v2\/posts\/102779\/revisions\/102780"}],"wp:featuredmedia":[{"embeddable":true,"href":"https:\/\/eldiariodesanpedro.com.ar\/sitio\/wp-json\/wp\/v2\/media\/96333"}],"wp:attachment":[{"href":"https:\/\/eldiariodesanpedro.com.ar\/sitio\/wp-json\/wp\/v2\/media?parent=102779"}],"wp:term":[{"taxonomy":"category","embeddable":true,"href":"https:\/\/eldiariodesanpedro.com.ar\/sitio\/wp-json\/wp\/v2\/categories?post=102779"},{"taxonomy":"post_tag","embeddable":true,"href":"https:\/\/eldiariodesanpedro.com.ar\/sitio\/wp-json\/wp\/v2\/tags?post=102779"}],"curies":[{"name":"wp","href":"https:\/\/api.w.org\/{rel}","templated":true}]}}