{"id":102775,"date":"2022-01-06T11:02:19","date_gmt":"2022-01-06T14:02:19","guid":{"rendered":"https:\/\/eldiariodesanpedro.com.ar\/sitio\/?p=102775"},"modified":"2022-01-06T11:02:21","modified_gmt":"2022-01-06T14:02:21","slug":"en-rastrillaje-tras-el-robo-en-el-vivero-se-secuestraron-patentes-y-una-pistola-cargada-en-la-zona-de-la-persecucion","status":"publish","type":"post","link":"https:\/\/eldiariodesanpedro.com.ar\/sitio\/en-rastrillaje-tras-el-robo-en-el-vivero-se-secuestraron-patentes-y-una-pistola-cargada-en-la-zona-de-la-persecucion\/","title":{"rendered":"En rastrillaje tras el robo en el vivero se secuestraron patentes y una pistola cargada en la zona de la persecuci\u00f3n"},"content":{"rendered":"<!-- VideographyWP Plugin Message: Automatic video embedding prevented by plugin options. -->\n\n<p>Se suman nuevos delitos que se le imputa a los delincuentes detenidos en la jornada de ayer en el robo de un vivero el personal de la direcci\u00f3n de infraestructura del Ministerio de Seguridad puesto de verificaci\u00f3n de zona, realiz\u00f3 pericia sobre el autom\u00f3vil secuestrado en que se movilizaban los delincuentes que cometieron el asalto en ruta 191 km 9 el d\u00eda martes pasado a la tardecita, y por el cual fueron detenidos tres delincuentes que adem\u00e1s atentaron contra la polic\u00eda efectuando disparos.&nbsp;<\/p>\n\n\n\n<p>El autom\u00f3vil presentaba chapas patentes ap\u00f3crifas, que fueron secuestradas, c\u00e9dula verde ap\u00f3crifa, el n\u00famero de patente no se condice con el chasis y motor. Termin\u00e1ndose que el autom\u00f3vil secuestrado con numeraci\u00f3n de chasis y motor original registra pedido de secuestro por \u201crobo automotor\u201d en C.A.B.A. sustra\u00eddo hace poco m\u00e1s de 30 d\u00edas, adem\u00e1s presentaba VTV ap\u00f3crifa, registro de auto partes masilladas.&nbsp;<\/p>\n\n\n\n<p>A los delincuentes se los imputa adem\u00e1s por estos delitos de infracci\u00f3n al art 289, 292 y 296 del cp (adulteraci\u00f3n y supresi\u00f3n de marcas oficiales). Se determin\u00f3 que la pistola secuestrada en poder de los delincuentes posee pedido de secuestro por robo en el a\u00f1o 2019 a requerimiento de la Justicia de Lomas de Zamora.&nbsp;<\/p>\n\n\n\n<p>Se certific\u00f3 que el chaleco de Polic\u00eda secuestrado pertenec\u00eda a la Polic\u00eda de Pilar.<\/p>\n\n\n\n<p>Los nuevos rastrillajes en la zona de aprehensi\u00f3n con luz diurna en la ma\u00f1ana de ayer, la polic\u00eda cient\u00edfica secuestr\u00f3 una nueva arma de fuego rev\u00f3lver cargado, una capucha, y una ri\u00f1onera con documentaci\u00f3n a nombre de unos de los detenidos.&nbsp;&nbsp;<\/p>\n\n\n\n<p>Los detenidos fueron indagados ayer y contin\u00faan alojados en la comisar\u00eda local hasta su traslado a disposici\u00f3n judicial.\u00a0\u00a0<\/p>\n\n\n\n<figure class=\"wp-block-image size-full\"><img decoding=\"async\" width=\"473\" height=\"630\" data-attachment-id=\"102776\" data-permalink=\"https:\/\/eldiariodesanpedro.com.ar\/sitio\/en-rastrillaje-tras-el-robo-en-el-vivero-se-secuestraron-patentes-y-una-pistola-cargada-en-la-zona-de-la-persecucion\/whatsapp-image-2022-01-06-at-10-39-42\/\" data-orig-file=\"https:\/\/eldiariodesanpedro.com.ar\/sitio\/wp-content\/uploads\/2022\/01\/WhatsApp-Image-2022-01-06-at-10.39.42.jpeg\" data-orig-size=\"473,630\" data-comments-opened=\"0\" data-image-meta=\"{&quot;aperture&quot;:&quot;0&quot;,&quot;credit&quot;:&quot;&quot;,&quot;camera&quot;:&quot;&quot;,&quot;caption&quot;:&quot;&quot;,&quot;created_timestamp&quot;:&quot;0&quot;,&quot;copyright&quot;:&quot;&quot;,&quot;focal_length&quot;:&quot;0&quot;,&quot;iso&quot;:&quot;0&quot;,&quot;shutter_speed&quot;:&quot;0&quot;,&quot;title&quot;:&quot;&quot;,&quot;orientation&quot;:&quot;0&quot;}\" data-image-title=\"WhatsApp Image 2022-01-06 at 10.39.42\" data-image-description=\"\" data-image-caption=\"\" data-large-file=\"https:\/\/eldiariodesanpedro.com.ar\/sitio\/wp-content\/uploads\/2022\/01\/WhatsApp-Image-2022-01-06-at-10.39.42.jpeg\" data-src=\"https:\/\/eldiariodesanpedro.com.ar\/sitio\/wp-content\/uploads\/2022\/01\/WhatsApp-Image-2022-01-06-at-10.39.42.jpeg\" alt=\"\" class=\"wp-image-102776 lazyload\" data-srcset=\"https:\/\/eldiariodesanpedro.com.ar\/sitio\/wp-content\/uploads\/2022\/01\/WhatsApp-Image-2022-01-06-at-10.39.42.jpeg 473w, https:\/\/eldiariodesanpedro.com.ar\/sitio\/wp-content\/uploads\/2022\/01\/WhatsApp-Image-2022-01-06-at-10.39.42-225x300.jpeg 225w\" data-sizes=\"(max-width: 473px) 100vw, 473px\" src=\"data:image\/svg+xml;base64,PHN2ZyB3aWR0aD0iMSIgaGVpZ2h0PSIxIiB4bWxucz0iaHR0cDovL3d3dy53My5vcmcvMjAwMC9zdmciPjwvc3ZnPg==\" style=\"--smush-placeholder-width: 473px; --smush-placeholder-aspect-ratio: 473\/630;\" \/><\/figure>\n","protected":false},"excerpt":{"rendered":"<p>Se suman nuevos delitos que se le imputa a los delincuentes detenidos en la jornada de ayer en el robo de un vivero el personal de la direcci\u00f3n de infraestructura del Ministerio de Seguridad puesto de verificaci\u00f3n de zona, realiz\u00f3 pericia sobre el autom\u00f3vil secuestrado en que se movilizaban los delincuentes que cometieron el asalto [&hellip;]<\/p>\n","protected":false},"author":4,"featured_media":102777,"comment_status":"closed","ping_status":"closed","sticky":false,"template":"","format":"standard","meta":{"om_disable_all_campaigns":false,"_jetpack_memberships_contains_paid_content":false,"footnotes":""},"categories":[50,2,103],"tags":[197,33,95,19],"class_list":["post-102775","post","type-post","status-publish","format-standard","has-post-thumbnail","hentry","category-destacadas","category-locales","category-policiales-locales","tag-buenos-aires","tag-locales","tag-policiales","tag-san-pedro"],"aioseo_notices":[],"gutentor_comment":0,"jetpack_featured_media_url":"https:\/\/eldiariodesanpedro.com.ar\/sitio\/wp-content\/uploads\/2022\/01\/WhatsApp-Image-2022-01-06-at-10.39.44.jpeg","jetpack_shortlink":"https:\/\/wp.me\/p6RhLt-qJF","jetpack_sharing_enabled":true,"_links":{"self":[{"href":"https:\/\/eldiariodesanpedro.com.ar\/sitio\/wp-json\/wp\/v2\/posts\/102775","targetHints":{"allow":["GET"]}}],"collection":[{"href":"https:\/\/eldiariodesanpedro.com.ar\/sitio\/wp-json\/wp\/v2\/posts"}],"about":[{"href":"https:\/\/eldiariodesanpedro.com.ar\/sitio\/wp-json\/wp\/v2\/types\/post"}],"author":[{"embeddable":true,"href":"https:\/\/eldiariodesanpedro.com.ar\/sitio\/wp-json\/wp\/v2\/users\/4"}],"replies":[{"embeddable":true,"href":"https:\/\/eldiariodesanpedro.com.ar\/sitio\/wp-json\/wp\/v2\/comments?post=102775"}],"version-history":[{"count":1,"href":"https:\/\/eldiariodesanpedro.com.ar\/sitio\/wp-json\/wp\/v2\/posts\/102775\/revisions"}],"predecessor-version":[{"id":102778,"href":"https:\/\/eldiariodesanpedro.com.ar\/sitio\/wp-json\/wp\/v2\/posts\/102775\/revisions\/102778"}],"wp:featuredmedia":[{"embeddable":true,"href":"https:\/\/eldiariodesanpedro.com.ar\/sitio\/wp-json\/wp\/v2\/media\/102777"}],"wp:attachment":[{"href":"https:\/\/eldiariodesanpedro.com.ar\/sitio\/wp-json\/wp\/v2\/media?parent=102775"}],"wp:term":[{"taxonomy":"category","embeddable":true,"href":"https:\/\/eldiariodesanpedro.com.ar\/sitio\/wp-json\/wp\/v2\/categories?post=102775"},{"taxonomy":"post_tag","embeddable":true,"href":"https:\/\/eldiariodesanpedro.com.ar\/sitio\/wp-json\/wp\/v2\/tags?post=102775"}],"curies":[{"name":"wp","href":"https:\/\/api.w.org\/{rel}","templated":true}]}}