{"id":102765,"date":"2022-01-05T17:59:23","date_gmt":"2022-01-05T20:59:23","guid":{"rendered":"https:\/\/eldiariodesanpedro.com.ar\/sitio\/?p=102765"},"modified":"2022-01-05T17:59:24","modified_gmt":"2022-01-05T20:59:24","slug":"preocupacion-por-el-aumento-de-casos-pero-tranquilidad-por-el-resultado-de-la-vacunacion-solo-3-personas-internadas-por-covid","status":"publish","type":"post","link":"https:\/\/eldiariodesanpedro.com.ar\/sitio\/preocupacion-por-el-aumento-de-casos-pero-tranquilidad-por-el-resultado-de-la-vacunacion-solo-3-personas-internadas-por-covid\/","title":{"rendered":"Preocupaci\u00f3n por el aumento de casos pero tranquilidad por el resultado de la vacunaci\u00f3n, solo 3 personas internadas por covid"},"content":{"rendered":"<!-- VideographyWP Plugin Message: Automatic video embedding prevented by plugin options. -->\n\n<p>La Secretar\u00eda de Salud informa que tras otra intensa jornada de testeos en el Partido de Pedro, se mantiene un sostenido crecimiento de casos positivos, como en el resto del pa\u00eds.<\/p>\n\n\n\n<p>Los datos detallados y correspondientes, s\u00f3lo a lo determinado en los testeos de centros p\u00fablicos, ser\u00e1n procesados e informados junto a las altas y otras variables en el reporte de ma\u00f1ana.<\/p>\n\n\n\n<p>Hoy entre ANDAR (Laboratorio del Hospital) y las localidades se realizaron m\u00e1s de 500 test con 334 negativos y 174 nuevos positivos. Se cargaron m\u00e1s de 80 altas (lo que reducir\u00e1 el informe de activos en el pr\u00f3ximo reporte) y en los consultorios amarillos se efectuaron 146 controles.<\/p>\n\n\n\n<p>Ma\u00f1ana se mantendr\u00e1 la misma modalidad de atenci\u00f3n en ANDAR y Consultorios COVID.<\/p>\n\n\n\n<p>Con m\u00e1s de 500 casos activos (cargados en el sistema p\u00fablico), es importante considerar como indicador m\u00e1s relevante de la situaci\u00f3n general, que s\u00f3lo se encuentran internadas en sala com\u00fan 2 personas en el Hospital y 1 en Sanatorio COOPSER.<\/p>\n\n\n\n<p>En mayo de 2021, con 525 casos activos San Pedro contaba con s\u00f3lo 1 respirador disponible en el shock room del Hospital y el resto de su capacidad cubierta con 38 internados en sala com\u00fan y 14 de 15 respiradores ocupados.<\/p>\n\n\n\n<p>Esta notable diferencia con relaci\u00f3n a la capacidad de atenci\u00f3n es posible gracias a la campa\u00f1a de vacunaci\u00f3n que ha sido impulsada desde los gobiernos nacional, provincial y local y que se ir\u00e1 intensificando.<\/p>\n\n\n\n<p>Se recuerda a toda la comunidad la importancia de completar la vacunaci\u00f3n en todo el grupo familiar y respetar, en los casos correspondientes, las medidas de aislamiento.<\/p>\n\n\n\n<p>Las acciones de prevenci\u00f3n ya conocidas son en estos d\u00edas fundamentales, as\u00ed como la portaci\u00f3n del Pase Sanitario y la solicitud del mismo por parte de quienes deben solicitarlo.<\/p>\n\n\n\n<p>Ma\u00f1ana, 6 de enero, a las 9, las autoridades de la Secretar\u00eda de Salud brindar\u00e1n una ampliaci\u00f3n de esta informaci\u00f3n en una charla con la prensa, frente al edificio de Pellegrini 373.<\/p>\n","protected":false},"excerpt":{"rendered":"<p>La Secretar\u00eda de Salud informa que tras otra intensa jornada de testeos en el Partido de Pedro, se mantiene un sostenido crecimiento de casos positivos, como en el resto del pa\u00eds. Los datos detallados y correspondientes, s\u00f3lo a lo determinado en los testeos de centros p\u00fablicos, ser\u00e1n procesados e informados junto a las altas y [&hellip;]<\/p>\n","protected":false},"author":4,"featured_media":77147,"comment_status":"closed","ping_status":"closed","sticky":false,"template":"","format":"standard","meta":{"om_disable_all_campaigns":false,"_jetpack_memberships_contains_paid_content":false,"footnotes":""},"categories":[50,101,2],"tags":[197,696,33,2606,19,2607],"class_list":["post-102765","post","type-post","status-publish","format-standard","has-post-thumbnail","hentry","category-destacadas","category-interes-general-locales","category-locales","tag-buenos-aires","tag-interes-general","tag-locales","tag-preocupacion-por-el-aumento-de-casos-pero-tranquilidad-por-el-resultado-de-la-vacunacion","tag-san-pedro","tag-solo-3-personas-internadas-por-covid"],"aioseo_notices":[],"gutentor_comment":0,"jetpack_featured_media_url":"https:\/\/eldiariodesanpedro.com.ar\/sitio\/wp-content\/uploads\/2020\/07\/medicos-coronavirus.jpg","jetpack_shortlink":"https:\/\/wp.me\/p6RhLt-qJv","jetpack_sharing_enabled":true,"_links":{"self":[{"href":"https:\/\/eldiariodesanpedro.com.ar\/sitio\/wp-json\/wp\/v2\/posts\/102765","targetHints":{"allow":["GET"]}}],"collection":[{"href":"https:\/\/eldiariodesanpedro.com.ar\/sitio\/wp-json\/wp\/v2\/posts"}],"about":[{"href":"https:\/\/eldiariodesanpedro.com.ar\/sitio\/wp-json\/wp\/v2\/types\/post"}],"author":[{"embeddable":true,"href":"https:\/\/eldiariodesanpedro.com.ar\/sitio\/wp-json\/wp\/v2\/users\/4"}],"replies":[{"embeddable":true,"href":"https:\/\/eldiariodesanpedro.com.ar\/sitio\/wp-json\/wp\/v2\/comments?post=102765"}],"version-history":[{"count":1,"href":"https:\/\/eldiariodesanpedro.com.ar\/sitio\/wp-json\/wp\/v2\/posts\/102765\/revisions"}],"predecessor-version":[{"id":102766,"href":"https:\/\/eldiariodesanpedro.com.ar\/sitio\/wp-json\/wp\/v2\/posts\/102765\/revisions\/102766"}],"wp:featuredmedia":[{"embeddable":true,"href":"https:\/\/eldiariodesanpedro.com.ar\/sitio\/wp-json\/wp\/v2\/media\/77147"}],"wp:attachment":[{"href":"https:\/\/eldiariodesanpedro.com.ar\/sitio\/wp-json\/wp\/v2\/media?parent=102765"}],"wp:term":[{"taxonomy":"category","embeddable":true,"href":"https:\/\/eldiariodesanpedro.com.ar\/sitio\/wp-json\/wp\/v2\/categories?post=102765"},{"taxonomy":"post_tag","embeddable":true,"href":"https:\/\/eldiariodesanpedro.com.ar\/sitio\/wp-json\/wp\/v2\/tags?post=102765"}],"curies":[{"name":"wp","href":"https:\/\/api.w.org\/{rel}","templated":true}]}}