{"id":10276,"date":"2016-11-15T19:12:47","date_gmt":"2016-11-15T22:12:47","guid":{"rendered":"https:\/\/eldiariodesanpedro.com.ar\/sitio\/?p=10276"},"modified":"2016-11-15T19:12:47","modified_gmt":"2016-11-15T22:12:47","slug":"san-nicolas-se-firmo-el-acuerdo-para-la-implementacion-del-sistema-sube","status":"publish","type":"post","link":"https:\/\/eldiariodesanpedro.com.ar\/sitio\/san-nicolas-se-firmo-el-acuerdo-para-la-implementacion-del-sistema-sube\/","title":{"rendered":"SAN NICOL\u00c1S: Se firm\u00f3 el acuerdo para la implementaci\u00f3n del sistema SUBE"},"content":{"rendered":"<p><!-- VideographyWP Plugin Message: Automatic video embedding prevented by plugin options. --><br \/>\nEl desembarco del Sistema \u00danico de Boleto Electr\u00f3nico (SUBE) al servicio local del transporte urbano de pasajeros es un hecho, tras el acuerdo rubricado hoy por las distintas partes.<\/p>\n<p>La inc\u00f3gnita a develar ahora pasa por la fecha de inicio de aplicaci\u00f3n del sistema que se utiliza en las grandes ciudades del pa\u00eds, y que se extender\u00e1 progresivamente sobre todo el territorio nacional.<\/p>\n<p>Con las firmas del ministro de Transporte de la Naci\u00f3n, Guillermo Dietrich, el intendente municipal, Ismael Passaglia, el secretario de Gobierno, Ignacio Mateucci, y los titulares de la empresa prestataria del servicio de transporte urbano de pasajeros, Vercelli Hnos., se formaliz\u00f3 ayer una iniciativa que se vio demorada durante un a\u00f1o en virtud de la resoluci\u00f3n acerca de la inversi\u00f3n en el equipamiento de m\u00e1quinas lectoras para las unidades locales. <\/p>\n<p>La empresa Vercelli Hnos. argumentaba que ya hab\u00eda realizado una fuerte inversi\u00f3n para la implementaci\u00f3n del sistema Mi Boleto, por lo que esperaba que el Estado -nacional o provincial- se hiciera cargo de la financiaci\u00f3n del sistema SUBE en nuestra ciudad. El nudo se desat\u00f3 con la decisi\u00f3n del ministro Dietrich de ceder en comodato 82 m\u00e1quinas para equipar las 82 unidades declaradas por la empresa. <\/p>\n","protected":false},"excerpt":{"rendered":"<p>El desembarco del Sistema \u00danico de Boleto Electr\u00f3nico (SUBE) al servicio local del transporte urbano de pasajeros es un hecho, tras el acuerdo rubricado hoy por las distintas partes. La inc\u00f3gnita a develar ahora pasa por la fecha de inicio de aplicaci\u00f3n del sistema que se utiliza en las grandes ciudades del pa\u00eds, y que [&hellip;]<\/p>\n","protected":false},"author":4,"featured_media":10278,"comment_status":"open","ping_status":"closed","sticky":false,"template":"","format":"standard","meta":{"om_disable_all_campaigns":false,"_jetpack_memberships_contains_paid_content":false,"footnotes":""},"categories":[621],"tags":[],"class_list":["post-10276","post","type-post","status-publish","format-standard","has-post-thumbnail","hentry","category-regionales"],"aioseo_notices":[],"gutentor_comment":0,"jetpack_featured_media_url":"https:\/\/eldiariodesanpedro.com.ar\/sitio\/wp-content\/uploads\/2016\/11\/tarjeta-sube.jpg","jetpack_shortlink":"https:\/\/wp.me\/p6RhLt-2FK","jetpack_sharing_enabled":true,"_links":{"self":[{"href":"https:\/\/eldiariodesanpedro.com.ar\/sitio\/wp-json\/wp\/v2\/posts\/10276","targetHints":{"allow":["GET"]}}],"collection":[{"href":"https:\/\/eldiariodesanpedro.com.ar\/sitio\/wp-json\/wp\/v2\/posts"}],"about":[{"href":"https:\/\/eldiariodesanpedro.com.ar\/sitio\/wp-json\/wp\/v2\/types\/post"}],"author":[{"embeddable":true,"href":"https:\/\/eldiariodesanpedro.com.ar\/sitio\/wp-json\/wp\/v2\/users\/4"}],"replies":[{"embeddable":true,"href":"https:\/\/eldiariodesanpedro.com.ar\/sitio\/wp-json\/wp\/v2\/comments?post=10276"}],"version-history":[{"count":1,"href":"https:\/\/eldiariodesanpedro.com.ar\/sitio\/wp-json\/wp\/v2\/posts\/10276\/revisions"}],"predecessor-version":[{"id":10279,"href":"https:\/\/eldiariodesanpedro.com.ar\/sitio\/wp-json\/wp\/v2\/posts\/10276\/revisions\/10279"}],"wp:featuredmedia":[{"embeddable":true,"href":"https:\/\/eldiariodesanpedro.com.ar\/sitio\/wp-json\/wp\/v2\/media\/10278"}],"wp:attachment":[{"href":"https:\/\/eldiariodesanpedro.com.ar\/sitio\/wp-json\/wp\/v2\/media?parent=10276"}],"wp:term":[{"taxonomy":"category","embeddable":true,"href":"https:\/\/eldiariodesanpedro.com.ar\/sitio\/wp-json\/wp\/v2\/categories?post=10276"},{"taxonomy":"post_tag","embeddable":true,"href":"https:\/\/eldiariodesanpedro.com.ar\/sitio\/wp-json\/wp\/v2\/tags?post=10276"}],"curies":[{"name":"wp","href":"https:\/\/api.w.org\/{rel}","templated":true}]}}