{"id":102759,"date":"2022-01-05T17:21:02","date_gmt":"2022-01-05T20:21:02","guid":{"rendered":"https:\/\/eldiariodesanpedro.com.ar\/sitio\/?p=102759"},"modified":"2022-01-05T17:21:04","modified_gmt":"2022-01-05T20:21:04","slug":"herramientas-web-y-canales-de-comunicacion-virtuales-con-la-direccion-de-rentas","status":"publish","type":"post","link":"https:\/\/eldiariodesanpedro.com.ar\/sitio\/herramientas-web-y-canales-de-comunicacion-virtuales-con-la-direccion-de-rentas\/","title":{"rendered":"Herramientas web y canales de comunicaci\u00f3n virtuales con la Direcci\u00f3n de Rentas"},"content":{"rendered":"<!-- VideographyWP Plugin Message: Automatic video embedding prevented by plugin options. -->\n\n<p>Ante la situaci\u00f3n epidemiol\u00f3gica general y las recomendaciones para utilizar mecanismos virtuales para aquellos tr\u00e1mites que pueden realizarse por esa v\u00eda, la Direcci\u00f3n de Rentas de la Municipalidad de San Pedro recuerdan que a trav\u00e9s del sitio web oficial <a href=\"http:\/\/www.sanpedro.gob.ar\">www.sanpedro.gob.ar<\/a> est\u00e1n disponibles las herramientas para descarga de tasas municipales, con los datos personales y el perfil de usuario correspondiente. (Esta modalidad funciona con aquellos contribuyentes que hayan cumplido con el reempadronamiento.)<\/p>\n\n\n\n<p>Adem\u00e1s se puede acceder a los instructivos para realizar m\u00faltiples tr\u00e1mites dentro de la administraci\u00f3n municipal.<\/p>\n\n\n\n<p>Se mantiene como siempre para resolver cualquier tipo de consulta relacionada con estos tema el correo electr\u00f3nico <a href=\"mailto:atencionalcontribuyente@sanpedro.gob.ar\">atencionalcontribuyente@sanpedro.gob.ar<\/a> y el WhatsApp (solo para mensajes) <a href=\"https:\/\/walink.co\/20c6bf\">3329641517<\/a>.<\/p>\n","protected":false},"excerpt":{"rendered":"<p>Ante la situaci\u00f3n epidemiol\u00f3gica general y las recomendaciones para utilizar mecanismos virtuales para aquellos tr\u00e1mites que pueden realizarse por esa v\u00eda, la Direcci\u00f3n de Rentas de la Municipalidad de San Pedro recuerdan que a trav\u00e9s del sitio web oficial www.sanpedro.gob.ar est\u00e1n disponibles las herramientas para descarga de tasas municipales, con los datos personales y el [&hellip;]<\/p>\n","protected":false},"author":4,"featured_media":102760,"comment_status":"closed","ping_status":"closed","sticky":false,"template":"","format":"standard","meta":{"om_disable_all_campaigns":false,"_jetpack_memberships_contains_paid_content":false,"footnotes":""},"categories":[101,2],"tags":[197,696,33,19],"class_list":["post-102759","post","type-post","status-publish","format-standard","has-post-thumbnail","hentry","category-interes-general-locales","category-locales","tag-buenos-aires","tag-interes-general","tag-locales","tag-san-pedro"],"aioseo_notices":[],"gutentor_comment":0,"jetpack_featured_media_url":"https:\/\/eldiariodesanpedro.com.ar\/sitio\/wp-content\/uploads\/2022\/01\/Municipalidad-e1422657513131.jpg","jetpack_shortlink":"https:\/\/wp.me\/p6RhLt-qJp","jetpack_sharing_enabled":true,"_links":{"self":[{"href":"https:\/\/eldiariodesanpedro.com.ar\/sitio\/wp-json\/wp\/v2\/posts\/102759","targetHints":{"allow":["GET"]}}],"collection":[{"href":"https:\/\/eldiariodesanpedro.com.ar\/sitio\/wp-json\/wp\/v2\/posts"}],"about":[{"href":"https:\/\/eldiariodesanpedro.com.ar\/sitio\/wp-json\/wp\/v2\/types\/post"}],"author":[{"embeddable":true,"href":"https:\/\/eldiariodesanpedro.com.ar\/sitio\/wp-json\/wp\/v2\/users\/4"}],"replies":[{"embeddable":true,"href":"https:\/\/eldiariodesanpedro.com.ar\/sitio\/wp-json\/wp\/v2\/comments?post=102759"}],"version-history":[{"count":1,"href":"https:\/\/eldiariodesanpedro.com.ar\/sitio\/wp-json\/wp\/v2\/posts\/102759\/revisions"}],"predecessor-version":[{"id":102761,"href":"https:\/\/eldiariodesanpedro.com.ar\/sitio\/wp-json\/wp\/v2\/posts\/102759\/revisions\/102761"}],"wp:featuredmedia":[{"embeddable":true,"href":"https:\/\/eldiariodesanpedro.com.ar\/sitio\/wp-json\/wp\/v2\/media\/102760"}],"wp:attachment":[{"href":"https:\/\/eldiariodesanpedro.com.ar\/sitio\/wp-json\/wp\/v2\/media?parent=102759"}],"wp:term":[{"taxonomy":"category","embeddable":true,"href":"https:\/\/eldiariodesanpedro.com.ar\/sitio\/wp-json\/wp\/v2\/categories?post=102759"},{"taxonomy":"post_tag","embeddable":true,"href":"https:\/\/eldiariodesanpedro.com.ar\/sitio\/wp-json\/wp\/v2\/tags?post=102759"}],"curies":[{"name":"wp","href":"https:\/\/api.w.org\/{rel}","templated":true}]}}