{"id":102740,"date":"2022-01-05T11:23:32","date_gmt":"2022-01-05T14:23:32","guid":{"rendered":"https:\/\/eldiariodesanpedro.com.ar\/sitio\/?p=102740"},"modified":"2022-01-05T11:23:34","modified_gmt":"2022-01-05T14:23:34","slug":"otro-grave-robo-en-zona-rural-donde-el-propietario-fue-golpeado-por-tres-delincuentes-para-llevarse-un-automovil-y-dinero-en-efectivo","status":"publish","type":"post","link":"https:\/\/eldiariodesanpedro.com.ar\/sitio\/otro-grave-robo-en-zona-rural-donde-el-propietario-fue-golpeado-por-tres-delincuentes-para-llevarse-un-automovil-y-dinero-en-efectivo\/","title":{"rendered":"Otro grave robo en zona rural donde el propietario fue golpeado por tres delincuentes para llevarse un autom\u00f3vil y dinero en efectivo"},"content":{"rendered":"<!-- VideographyWP Plugin Message: Automatic video embedding prevented by plugin options. -->\n\n<p>En la jornada de ayer en horas de la ma\u00f1ana se recibi\u00f3 la denuncia por parte de un ciudadano que realiz\u00f3 un llamado al 911 quien fue golpeado para robarle en su vivienda en zona rural.<\/p>\n\n\n\n<p>El hecho habr\u00eda ocurrido en horas de la madrugada de este martes cuando alrededor de 3 delincuentes sorprendieron a la v\u00edctima un hombre de 47 a\u00f1os de edad quien se hallaba en el interior de su vivienda ubicada en el barrio Villa Jard\u00edn zona del camino al Aero Club.<\/p>\n\n\n\n<p>Los delincuentes sorprenden a la v\u00edctima y lo agreden con un golpe en la cabeza para poder reducirlo, y as\u00ed de esta manera despojarlo de bienes materiales, dinero en efectivo y un autom\u00f3vil.<\/p>\n\n\n\n<p>Alrededor de las 6 hs del mismo d\u00eda la polic\u00eda encontr\u00f3 abandonado el autom\u00f3vil propiedad de la v\u00edctima en calle Basavilbaso y las v\u00edas del ferrocarril.<\/p>\n\n\n\n<p>Afortunadamente el ciudadano no sufri\u00f3 heridas de consideraci\u00f3n siendo atendido en el nosocomio local.<\/p>\n","protected":false},"excerpt":{"rendered":"<p>En la jornada de ayer en horas de la ma\u00f1ana se recibi\u00f3 la denuncia por parte de un ciudadano que realiz\u00f3 un llamado al 911 quien fue golpeado para robarle en su vivienda en zona rural. El hecho habr\u00eda ocurrido en horas de la madrugada de este martes cuando alrededor de 3 delincuentes sorprendieron a [&hellip;]<\/p>\n","protected":false},"author":4,"featured_media":102741,"comment_status":"closed","ping_status":"closed","sticky":false,"template":"","format":"standard","meta":{"om_disable_all_campaigns":false,"_jetpack_memberships_contains_paid_content":false,"footnotes":""},"categories":[50,2,103],"tags":[197,33,95,19],"class_list":["post-102740","post","type-post","status-publish","format-standard","has-post-thumbnail","hentry","category-destacadas","category-locales","category-policiales-locales","tag-buenos-aires","tag-locales","tag-policiales","tag-san-pedro"],"aioseo_notices":[],"gutentor_comment":0,"jetpack_featured_media_url":"https:\/\/eldiariodesanpedro.com.ar\/sitio\/wp-content\/uploads\/2022\/01\/WhatsApp-Image-2022-01-05-at-10.14.36.jpeg","jetpack_shortlink":"https:\/\/wp.me\/p6RhLt-qJ6","jetpack_sharing_enabled":true,"_links":{"self":[{"href":"https:\/\/eldiariodesanpedro.com.ar\/sitio\/wp-json\/wp\/v2\/posts\/102740","targetHints":{"allow":["GET"]}}],"collection":[{"href":"https:\/\/eldiariodesanpedro.com.ar\/sitio\/wp-json\/wp\/v2\/posts"}],"about":[{"href":"https:\/\/eldiariodesanpedro.com.ar\/sitio\/wp-json\/wp\/v2\/types\/post"}],"author":[{"embeddable":true,"href":"https:\/\/eldiariodesanpedro.com.ar\/sitio\/wp-json\/wp\/v2\/users\/4"}],"replies":[{"embeddable":true,"href":"https:\/\/eldiariodesanpedro.com.ar\/sitio\/wp-json\/wp\/v2\/comments?post=102740"}],"version-history":[{"count":1,"href":"https:\/\/eldiariodesanpedro.com.ar\/sitio\/wp-json\/wp\/v2\/posts\/102740\/revisions"}],"predecessor-version":[{"id":102742,"href":"https:\/\/eldiariodesanpedro.com.ar\/sitio\/wp-json\/wp\/v2\/posts\/102740\/revisions\/102742"}],"wp:featuredmedia":[{"embeddable":true,"href":"https:\/\/eldiariodesanpedro.com.ar\/sitio\/wp-json\/wp\/v2\/media\/102741"}],"wp:attachment":[{"href":"https:\/\/eldiariodesanpedro.com.ar\/sitio\/wp-json\/wp\/v2\/media?parent=102740"}],"wp:term":[{"taxonomy":"category","embeddable":true,"href":"https:\/\/eldiariodesanpedro.com.ar\/sitio\/wp-json\/wp\/v2\/categories?post=102740"},{"taxonomy":"post_tag","embeddable":true,"href":"https:\/\/eldiariodesanpedro.com.ar\/sitio\/wp-json\/wp\/v2\/tags?post=102740"}],"curies":[{"name":"wp","href":"https:\/\/api.w.org\/{rel}","templated":true}]}}