{"id":10272,"date":"2016-11-15T19:10:47","date_gmt":"2016-11-15T22:10:47","guid":{"rendered":"https:\/\/eldiariodesanpedro.com.ar\/sitio\/?p=10272"},"modified":"2016-11-15T19:11:02","modified_gmt":"2016-11-15T22:11:02","slug":"zarate-empresarios-mexicanos-interesados-en-generar-nuevos-negocios-e-inversiones","status":"publish","type":"post","link":"https:\/\/eldiariodesanpedro.com.ar\/sitio\/zarate-empresarios-mexicanos-interesados-en-generar-nuevos-negocios-e-inversiones\/","title":{"rendered":"Z\u00c1RATE: Empresarios mexicanos interesados en generar nuevos negocios e inversiones"},"content":{"rendered":"<p><!-- VideographyWP Plugin Message: Automatic video embedding prevented by plugin options. --><br \/>\nEl Intendente Osvaldo C\u00e1ffaro recibi\u00f3 a empresarios mexicanos interesados en generar nuevos negocios e inversiones en Z\u00e1rate.<\/p>\n<p>Se trata de Edgar L\u00f3pez, de la empresa Fr\u00edo Puerto de Veracruz, quien acompa\u00f1ado por otros dirigentes de la empresa de log\u00edstica recorrieron los 5 puertos ubicados en el distrito de Z\u00e1rate.<\/p>\n<p>\u201cEstamos impresionados por la calidez de la gente y la buena vibra que se siente en la ciudad\u201d, dijo L\u00f3pez, e indic\u00f3 que Z\u00e1rate le recuerda a Veracruz hace 30 a\u00f1os atr\u00e1s, antes de que dicha ciudad ubicada sobre el Atl\u00e1ntico creciera exponencialmente.<\/p>\n<p>Durante el recorrido estuvieron acompa\u00f1ados por la secretaria de Desarrollo Econ\u00f3mico, Gabriela Trupia, quien destac\u00f3 que si bien este fue un primer encuentro, quedaron muy satisfechos y con inter\u00e9s en invertir en la ciudad.<\/p>\n<p>En principio, estar\u00edan interesados en exportar productos argentinos en fr\u00edo hacia M\u00e9xico, por eso las reuniones realizadas con los empresarios portuarios del distrito.<\/p>\n<p>Finalmente, L\u00f3pez destac\u00f3 que Z\u00e1rate es una ciudad privilegiada porque cuenta con excelentes v\u00edas de comunicaci\u00f3n terrestres y fluviales, con infraestructura portuaria de calidad internacional y porque est\u00e1 ubicada cerca de grandes conglomerados urbanos, situaciones favorables para consolidar una relaci\u00f3n empresarial y de futuras inversiones.<\/p>\n","protected":false},"excerpt":{"rendered":"<p>El Intendente Osvaldo C\u00e1ffaro recibi\u00f3 a empresarios mexicanos interesados en generar nuevos negocios e inversiones en Z\u00e1rate. Se trata de Edgar L\u00f3pez, de la empresa Fr\u00edo Puerto de Veracruz, quien acompa\u00f1ado por otros dirigentes de la empresa de log\u00edstica recorrieron los 5 puertos ubicados en el distrito de Z\u00e1rate. \u201cEstamos impresionados por la calidez de [&hellip;]<\/p>\n","protected":false},"author":4,"featured_media":10273,"comment_status":"open","ping_status":"closed","sticky":false,"template":"","format":"standard","meta":{"om_disable_all_campaigns":false,"_jetpack_memberships_contains_paid_content":false,"footnotes":""},"categories":[621],"tags":[],"class_list":["post-10272","post","type-post","status-publish","format-standard","has-post-thumbnail","hentry","category-regionales"],"aioseo_notices":[],"gutentor_comment":0,"jetpack_featured_media_url":"https:\/\/eldiariodesanpedro.com.ar\/sitio\/wp-content\/uploads\/2016\/11\/C\u00e1ffaro-Empresarios-mexicanos.jpeg","jetpack_shortlink":"https:\/\/wp.me\/p6RhLt-2FG","jetpack_sharing_enabled":true,"_links":{"self":[{"href":"https:\/\/eldiariodesanpedro.com.ar\/sitio\/wp-json\/wp\/v2\/posts\/10272","targetHints":{"allow":["GET"]}}],"collection":[{"href":"https:\/\/eldiariodesanpedro.com.ar\/sitio\/wp-json\/wp\/v2\/posts"}],"about":[{"href":"https:\/\/eldiariodesanpedro.com.ar\/sitio\/wp-json\/wp\/v2\/types\/post"}],"author":[{"embeddable":true,"href":"https:\/\/eldiariodesanpedro.com.ar\/sitio\/wp-json\/wp\/v2\/users\/4"}],"replies":[{"embeddable":true,"href":"https:\/\/eldiariodesanpedro.com.ar\/sitio\/wp-json\/wp\/v2\/comments?post=10272"}],"version-history":[{"count":2,"href":"https:\/\/eldiariodesanpedro.com.ar\/sitio\/wp-json\/wp\/v2\/posts\/10272\/revisions"}],"predecessor-version":[{"id":10275,"href":"https:\/\/eldiariodesanpedro.com.ar\/sitio\/wp-json\/wp\/v2\/posts\/10272\/revisions\/10275"}],"wp:featuredmedia":[{"embeddable":true,"href":"https:\/\/eldiariodesanpedro.com.ar\/sitio\/wp-json\/wp\/v2\/media\/10273"}],"wp:attachment":[{"href":"https:\/\/eldiariodesanpedro.com.ar\/sitio\/wp-json\/wp\/v2\/media?parent=10272"}],"wp:term":[{"taxonomy":"category","embeddable":true,"href":"https:\/\/eldiariodesanpedro.com.ar\/sitio\/wp-json\/wp\/v2\/categories?post=10272"},{"taxonomy":"post_tag","embeddable":true,"href":"https:\/\/eldiariodesanpedro.com.ar\/sitio\/wp-json\/wp\/v2\/tags?post=10272"}],"curies":[{"name":"wp","href":"https:\/\/api.w.org\/{rel}","templated":true}]}}