{"id":10266,"date":"2016-11-15T19:02:05","date_gmt":"2016-11-15T22:02:05","guid":{"rendered":"https:\/\/eldiariodesanpedro.com.ar\/sitio\/?p=10266"},"modified":"2016-11-15T19:02:05","modified_gmt":"2016-11-15T22:02:05","slug":"capacitacion-sobre-el-sistema-de-promocion-y-proteccion-de-los-derechos-del-nino","status":"publish","type":"post","link":"https:\/\/eldiariodesanpedro.com.ar\/sitio\/capacitacion-sobre-el-sistema-de-promocion-y-proteccion-de-los-derechos-del-nino\/","title":{"rendered":"Capacitaci\u00f3n sobre el sistema de promoci\u00f3n y protecci\u00f3n de los Derechos del Ni\u00f1o"},"content":{"rendered":"<p><!-- VideographyWP Plugin Message: Automatic video embedding prevented by plugin options. --><br \/>\nTuvo lugar en el Sal\u00f3n Dorado del Municipio y particip\u00f3 personal de la Secretar\u00eda de Desarrollo Humano. Estuvo a cargo de especialistas de la Direcci\u00f3n de Promoci\u00f3n y Protecci\u00f3n de los Derechos, dependiente del organismo provincial de Ni\u00f1ez y Adolescencia.<\/p>\n<p>Se abordaron temas como el inter\u00e9s superior del ni\u00f1o y su derecho a ser escuchado; la funci\u00f3n y articulaci\u00f3n del servicio local; la excepcionalidad de las medidas de abrigo y protecci\u00f3n y la corresponsabilidad como garant\u00eda de derecho, entre otros temas.<\/p>\n","protected":false},"excerpt":{"rendered":"<p>Tuvo lugar en el Sal\u00f3n Dorado del Municipio y particip\u00f3 personal de la Secretar\u00eda de Desarrollo Humano. Estuvo a cargo de especialistas de la Direcci\u00f3n de Promoci\u00f3n y Protecci\u00f3n de los Derechos, dependiente del organismo provincial de Ni\u00f1ez y Adolescencia. Se abordaron temas como el inter\u00e9s superior del ni\u00f1o y su derecho a ser escuchado; [&hellip;]<\/p>\n","protected":false},"author":4,"featured_media":10267,"comment_status":"open","ping_status":"closed","sticky":false,"template":"","format":"standard","meta":{"om_disable_all_campaigns":false,"_jetpack_memberships_contains_paid_content":false,"footnotes":""},"categories":[101,2],"tags":[],"class_list":["post-10266","post","type-post","status-publish","format-standard","has-post-thumbnail","hentry","category-interes-general-locales","category-locales"],"aioseo_notices":[],"gutentor_comment":0,"jetpack_featured_media_url":"https:\/\/eldiariodesanpedro.com.ar\/sitio\/wp-content\/uploads\/2016\/11\/derechos-del-ni\u00f1o.jpg","jetpack_shortlink":"https:\/\/wp.me\/p6RhLt-2FA","jetpack_sharing_enabled":true,"_links":{"self":[{"href":"https:\/\/eldiariodesanpedro.com.ar\/sitio\/wp-json\/wp\/v2\/posts\/10266","targetHints":{"allow":["GET"]}}],"collection":[{"href":"https:\/\/eldiariodesanpedro.com.ar\/sitio\/wp-json\/wp\/v2\/posts"}],"about":[{"href":"https:\/\/eldiariodesanpedro.com.ar\/sitio\/wp-json\/wp\/v2\/types\/post"}],"author":[{"embeddable":true,"href":"https:\/\/eldiariodesanpedro.com.ar\/sitio\/wp-json\/wp\/v2\/users\/4"}],"replies":[{"embeddable":true,"href":"https:\/\/eldiariodesanpedro.com.ar\/sitio\/wp-json\/wp\/v2\/comments?post=10266"}],"version-history":[{"count":1,"href":"https:\/\/eldiariodesanpedro.com.ar\/sitio\/wp-json\/wp\/v2\/posts\/10266\/revisions"}],"predecessor-version":[{"id":10268,"href":"https:\/\/eldiariodesanpedro.com.ar\/sitio\/wp-json\/wp\/v2\/posts\/10266\/revisions\/10268"}],"wp:featuredmedia":[{"embeddable":true,"href":"https:\/\/eldiariodesanpedro.com.ar\/sitio\/wp-json\/wp\/v2\/media\/10267"}],"wp:attachment":[{"href":"https:\/\/eldiariodesanpedro.com.ar\/sitio\/wp-json\/wp\/v2\/media?parent=10266"}],"wp:term":[{"taxonomy":"category","embeddable":true,"href":"https:\/\/eldiariodesanpedro.com.ar\/sitio\/wp-json\/wp\/v2\/categories?post=10266"},{"taxonomy":"post_tag","embeddable":true,"href":"https:\/\/eldiariodesanpedro.com.ar\/sitio\/wp-json\/wp\/v2\/tags?post=10266"}],"curies":[{"name":"wp","href":"https:\/\/api.w.org\/{rel}","templated":true}]}}