{"id":102645,"date":"2021-12-30T16:24:26","date_gmt":"2021-12-30T19:24:26","guid":{"rendered":"https:\/\/eldiariodesanpedro.com.ar\/sitio\/?p=102645"},"modified":"2021-12-30T16:24:27","modified_gmt":"2021-12-30T19:24:27","slug":"falsa-alarma-todos-hispodos-y-todos-negativos-en-el-restaurante-del-centro-de-la-ciudad","status":"publish","type":"post","link":"https:\/\/eldiariodesanpedro.com.ar\/sitio\/falsa-alarma-todos-hispodos-y-todos-negativos-en-el-restaurante-del-centro-de-la-ciudad\/","title":{"rendered":"Falsa Alarma, todos hispodos y todos negativos en el restaurante del centro de la ciudad"},"content":{"rendered":"<!-- VideographyWP Plugin Message: Automatic video embedding prevented by plugin options. -->\n\n<p>Tras la intervenci\u00f3n de la Secretar\u00eda de Salud de nuestra ciudad sobre la denuncia por posibles contagios en un restaurante de la zona c\u00e9ntrica se realizaron hisopados para testeos r\u00e1pidos detectando todos los empleados y la mujer del propietario todos negativos.<\/p>\n\n\n\n<p>En la ma\u00f1ana de hoy se realiz\u00f3 una denuncia en la Secretar\u00eda de Salud por parte de empleados de un comercio gastron\u00f3mico y alojamiento de la zona c\u00e9ntrica donde su propietario se encuentra aislado desde el 24 de diciembre por ser positivos de covid por lo que se tem\u00eda que los empleados puedan llegar a tener el virus.<\/p>\n\n\n\n<p>Tras una r\u00e1pida intervenci\u00f3n del Personal de la Secretar\u00eda de Salud en la tarde de hoy se hisopado a todos los empleados, inclusive la pareja del propietario dando todos negativos.<\/p>\n\n\n\n<p>Todo esto se da en el marco de denuncias de familiares asustados por la nueva ola de casos que se estan dando en la ciudad desoues de varios meses de tranquilidad, y teniendo en cuenta la cepa delta o omnicron.<\/p>\n","protected":false},"excerpt":{"rendered":"<p>Tras la intervenci\u00f3n de la Secretar\u00eda de Salud de nuestra ciudad sobre la denuncia por posibles contagios en un restaurante de la zona c\u00e9ntrica se realizaron hisopados para testeos r\u00e1pidos detectando todos los empleados y la mujer del propietario todos negativos. En la ma\u00f1ana de hoy se realiz\u00f3 una denuncia en la Secretar\u00eda de Salud [&hellip;]<\/p>\n","protected":false},"author":4,"featured_media":102646,"comment_status":"closed","ping_status":"closed","sticky":false,"template":"","format":"standard","meta":{"om_disable_all_campaigns":false,"_jetpack_memberships_contains_paid_content":false,"footnotes":""},"categories":[50,101,2],"tags":[197,696,33,19],"class_list":["post-102645","post","type-post","status-publish","format-standard","has-post-thumbnail","hentry","category-destacadas","category-interes-general-locales","category-locales","tag-buenos-aires","tag-interes-general","tag-locales","tag-san-pedro"],"aioseo_notices":[],"gutentor_comment":0,"jetpack_featured_media_url":"https:\/\/eldiariodesanpedro.com.ar\/sitio\/wp-content\/uploads\/2021\/12\/cocinas.jpg","jetpack_shortlink":"https:\/\/wp.me\/p6RhLt-qHz","jetpack_sharing_enabled":true,"_links":{"self":[{"href":"https:\/\/eldiariodesanpedro.com.ar\/sitio\/wp-json\/wp\/v2\/posts\/102645","targetHints":{"allow":["GET"]}}],"collection":[{"href":"https:\/\/eldiariodesanpedro.com.ar\/sitio\/wp-json\/wp\/v2\/posts"}],"about":[{"href":"https:\/\/eldiariodesanpedro.com.ar\/sitio\/wp-json\/wp\/v2\/types\/post"}],"author":[{"embeddable":true,"href":"https:\/\/eldiariodesanpedro.com.ar\/sitio\/wp-json\/wp\/v2\/users\/4"}],"replies":[{"embeddable":true,"href":"https:\/\/eldiariodesanpedro.com.ar\/sitio\/wp-json\/wp\/v2\/comments?post=102645"}],"version-history":[{"count":1,"href":"https:\/\/eldiariodesanpedro.com.ar\/sitio\/wp-json\/wp\/v2\/posts\/102645\/revisions"}],"predecessor-version":[{"id":102647,"href":"https:\/\/eldiariodesanpedro.com.ar\/sitio\/wp-json\/wp\/v2\/posts\/102645\/revisions\/102647"}],"wp:featuredmedia":[{"embeddable":true,"href":"https:\/\/eldiariodesanpedro.com.ar\/sitio\/wp-json\/wp\/v2\/media\/102646"}],"wp:attachment":[{"href":"https:\/\/eldiariodesanpedro.com.ar\/sitio\/wp-json\/wp\/v2\/media?parent=102645"}],"wp:term":[{"taxonomy":"category","embeddable":true,"href":"https:\/\/eldiariodesanpedro.com.ar\/sitio\/wp-json\/wp\/v2\/categories?post=102645"},{"taxonomy":"post_tag","embeddable":true,"href":"https:\/\/eldiariodesanpedro.com.ar\/sitio\/wp-json\/wp\/v2\/tags?post=102645"}],"curies":[{"name":"wp","href":"https:\/\/api.w.org\/{rel}","templated":true}]}}