{"id":102643,"date":"2021-12-30T15:49:44","date_gmt":"2021-12-30T18:49:44","guid":{"rendered":"https:\/\/eldiariodesanpedro.com.ar\/sitio\/?p=102643"},"modified":"2021-12-30T15:49:46","modified_gmt":"2021-12-30T18:49:46","slug":"edicto-de-sucesion-de-moreno-angela-maria","status":"publish","type":"post","link":"https:\/\/eldiariodesanpedro.com.ar\/sitio\/edicto-de-sucesion-de-moreno-angela-maria\/","title":{"rendered":"Edicto de Sucesi\u00f3n de Moreno \u00c1ngela Mar\u00eda"},"content":{"rendered":"<!-- VideographyWP Plugin Message: Automatic video embedding prevented by plugin options. -->\n\n<p>El Juzgado de Paz de San Pedro, Secretar\u00eda \u00danica, del Departamento Judicial de San Nicol\u00e1s de los Arroyos, cita y emplaza a herederos y acreedores de <strong>Moreno \u00c1ngela Mar\u00eda<\/strong>, por el t\u00e9rmino de 30 d\u00edas. San Pedro, de diciembre de 2021.-<\/p>\n\n\n\n<p>FACUNDO VELL\u00d3N<br>ABOGADO SECRETARIO<br>(Publicaci\u00f3n V\u00e1lida para los d\u00edas 30, 31 de diciembre de 2021 y 01 de enero de 2022)<br><a href=\"https:\/\/notificaciones.scba.gov.ar\/verificarnotificacion.aspx?codNotif=w61pj5\" target=\"_blank\" rel=\"noreferrer noopener\">https:\/\/notificaciones.scba.gov.ar\/verificarnotificacion.aspx?codNotif=w61pj5<\/a><\/p>\n","protected":false},"excerpt":{"rendered":"<p>El Juzgado de Paz de San Pedro, Secretar\u00eda \u00danica, del Departamento Judicial de San Nicol\u00e1s de los Arroyos, cita y emplaza a herederos y acreedores de Moreno \u00c1ngela Mar\u00eda, por el t\u00e9rmino de 30 d\u00edas. San Pedro, de diciembre de 2021.- FACUNDO VELL\u00d3NABOGADO SECRETARIO(Publicaci\u00f3n V\u00e1lida para los d\u00edas 30, 31 de diciembre de 2021 y [&hellip;]<\/p>\n","protected":false},"author":4,"featured_media":81115,"comment_status":"closed","ping_status":"closed","sticky":false,"template":"","format":"standard","meta":{"om_disable_all_campaigns":false,"_jetpack_memberships_contains_paid_content":false,"footnotes":""},"categories":[676,677],"tags":[1121,2596,1355,33,19,1122],"class_list":["post-102643","post","type-post","status-publish","format-standard","has-post-thumbnail","hentry","category-edictos","category-edictos-sucesorios","tag-edicto","tag-edicto-de-sucesion-de-moreno-angela-maria","tag-judiciales","tag-locales","tag-san-pedro","tag-sucesion"],"aioseo_notices":[],"gutentor_comment":0,"jetpack_featured_media_url":"https:\/\/eldiariodesanpedro.com.ar\/sitio\/wp-content\/uploads\/2020\/09\/Poder-Judicial.jpg","jetpack_shortlink":"https:\/\/wp.me\/p6RhLt-qHx","jetpack_sharing_enabled":true,"_links":{"self":[{"href":"https:\/\/eldiariodesanpedro.com.ar\/sitio\/wp-json\/wp\/v2\/posts\/102643","targetHints":{"allow":["GET"]}}],"collection":[{"href":"https:\/\/eldiariodesanpedro.com.ar\/sitio\/wp-json\/wp\/v2\/posts"}],"about":[{"href":"https:\/\/eldiariodesanpedro.com.ar\/sitio\/wp-json\/wp\/v2\/types\/post"}],"author":[{"embeddable":true,"href":"https:\/\/eldiariodesanpedro.com.ar\/sitio\/wp-json\/wp\/v2\/users\/4"}],"replies":[{"embeddable":true,"href":"https:\/\/eldiariodesanpedro.com.ar\/sitio\/wp-json\/wp\/v2\/comments?post=102643"}],"version-history":[{"count":1,"href":"https:\/\/eldiariodesanpedro.com.ar\/sitio\/wp-json\/wp\/v2\/posts\/102643\/revisions"}],"predecessor-version":[{"id":102644,"href":"https:\/\/eldiariodesanpedro.com.ar\/sitio\/wp-json\/wp\/v2\/posts\/102643\/revisions\/102644"}],"wp:featuredmedia":[{"embeddable":true,"href":"https:\/\/eldiariodesanpedro.com.ar\/sitio\/wp-json\/wp\/v2\/media\/81115"}],"wp:attachment":[{"href":"https:\/\/eldiariodesanpedro.com.ar\/sitio\/wp-json\/wp\/v2\/media?parent=102643"}],"wp:term":[{"taxonomy":"category","embeddable":true,"href":"https:\/\/eldiariodesanpedro.com.ar\/sitio\/wp-json\/wp\/v2\/categories?post=102643"},{"taxonomy":"post_tag","embeddable":true,"href":"https:\/\/eldiariodesanpedro.com.ar\/sitio\/wp-json\/wp\/v2\/tags?post=102643"}],"curies":[{"name":"wp","href":"https:\/\/api.w.org\/{rel}","templated":true}]}}