{"id":102640,"date":"2021-12-30T15:37:44","date_gmt":"2021-12-30T18:37:44","guid":{"rendered":"https:\/\/eldiariodesanpedro.com.ar\/sitio\/?p=102640"},"modified":"2021-12-30T15:37:46","modified_gmt":"2021-12-30T18:37:46","slug":"caso-cresta-prision-perpetua-para-oscar-lopez","status":"publish","type":"post","link":"https:\/\/eldiariodesanpedro.com.ar\/sitio\/caso-cresta-prision-perpetua-para-oscar-lopez\/","title":{"rendered":"Caso Cresta: Prisi\u00f3n perpetua para Oscar L\u00f3pez"},"content":{"rendered":"<!-- VideographyWP Plugin Message: Automatic video embedding prevented by plugin options. -->\n\n<p>Era el principal acusado de asesinar a la mujer de 32 a\u00f1os. El Tribunal absolvi\u00f3 al otro imputado, Nicol\u00e1s Arriola, por falta de m\u00e9rito. Mar\u00eda Florencia Cresta fue asesinada en noviembre de 2013.<\/p>\n\n\n\n<p>Sobre la tarde del mi\u00e9rcoles se conoci\u00f3 el veredicto final del caso Mar\u00eda Florencia Cresta. El juicio se llev\u00f3 a cabo la semana pasada y el Tribunal Criminal N\u00b0 2 dict\u00f3 sentencia sobre los dos acusados.<\/p>\n\n\n\n<p>Oscar L\u00f3pez, fue condenado a reclusi\u00f3n perpetua al ser hallado culpable de haber asesinado a la mujer. L\u00f3pez fue quien abus\u00f3 y luego estrangul\u00f3 a Cresta cuyo cuerpo apareci\u00f3 sin vida en un descampado cercano al cementerio parque.<\/p>\n\n\n\n<p>En cambio, Nicol\u00e1s Arriola, que era el otro joven imputado, fue absuelto ya que no se pudo establecer su participaci\u00f3n en el hecho.<\/p>\n\n\n\n<p>Fuente: San Pedro Informa<\/p>\n","protected":false},"excerpt":{"rendered":"<p>Era el principal acusado de asesinar a la mujer de 32 a\u00f1os. El Tribunal absolvi\u00f3 al otro imputado, Nicol\u00e1s Arriola, por falta de m\u00e9rito. Mar\u00eda Florencia Cresta fue asesinada en noviembre de 2013. Sobre la tarde del mi\u00e9rcoles se conoci\u00f3 el veredicto final del caso Mar\u00eda Florencia Cresta. El juicio se llev\u00f3 a cabo la [&hellip;]<\/p>\n","protected":false},"author":4,"featured_media":102641,"comment_status":"closed","ping_status":"closed","sticky":false,"template":"","format":"standard","meta":{"om_disable_all_campaigns":false,"_jetpack_memberships_contains_paid_content":false,"footnotes":""},"categories":[50,101,2],"tags":[197,696,33,19],"class_list":["post-102640","post","type-post","status-publish","format-standard","has-post-thumbnail","hentry","category-destacadas","category-interes-general-locales","category-locales","tag-buenos-aires","tag-interes-general","tag-locales","tag-san-pedro"],"aioseo_notices":[],"gutentor_comment":0,"jetpack_featured_media_url":"https:\/\/eldiariodesanpedro.com.ar\/sitio\/wp-content\/uploads\/2021\/12\/0000020595-resized-1920x1080-1.jpg","jetpack_shortlink":"https:\/\/wp.me\/p6RhLt-qHu","jetpack_sharing_enabled":true,"_links":{"self":[{"href":"https:\/\/eldiariodesanpedro.com.ar\/sitio\/wp-json\/wp\/v2\/posts\/102640","targetHints":{"allow":["GET"]}}],"collection":[{"href":"https:\/\/eldiariodesanpedro.com.ar\/sitio\/wp-json\/wp\/v2\/posts"}],"about":[{"href":"https:\/\/eldiariodesanpedro.com.ar\/sitio\/wp-json\/wp\/v2\/types\/post"}],"author":[{"embeddable":true,"href":"https:\/\/eldiariodesanpedro.com.ar\/sitio\/wp-json\/wp\/v2\/users\/4"}],"replies":[{"embeddable":true,"href":"https:\/\/eldiariodesanpedro.com.ar\/sitio\/wp-json\/wp\/v2\/comments?post=102640"}],"version-history":[{"count":1,"href":"https:\/\/eldiariodesanpedro.com.ar\/sitio\/wp-json\/wp\/v2\/posts\/102640\/revisions"}],"predecessor-version":[{"id":102642,"href":"https:\/\/eldiariodesanpedro.com.ar\/sitio\/wp-json\/wp\/v2\/posts\/102640\/revisions\/102642"}],"wp:featuredmedia":[{"embeddable":true,"href":"https:\/\/eldiariodesanpedro.com.ar\/sitio\/wp-json\/wp\/v2\/media\/102641"}],"wp:attachment":[{"href":"https:\/\/eldiariodesanpedro.com.ar\/sitio\/wp-json\/wp\/v2\/media?parent=102640"}],"wp:term":[{"taxonomy":"category","embeddable":true,"href":"https:\/\/eldiariodesanpedro.com.ar\/sitio\/wp-json\/wp\/v2\/categories?post=102640"},{"taxonomy":"post_tag","embeddable":true,"href":"https:\/\/eldiariodesanpedro.com.ar\/sitio\/wp-json\/wp\/v2\/tags?post=102640"}],"curies":[{"name":"wp","href":"https:\/\/api.w.org\/{rel}","templated":true}]}}