{"id":102636,"date":"2021-12-30T14:53:58","date_gmt":"2021-12-30T17:53:58","guid":{"rendered":"https:\/\/eldiariodesanpedro.com.ar\/sitio\/?p=102636"},"modified":"2021-12-30T14:54:00","modified_gmt":"2021-12-30T17:54:00","slug":"alerta-coronavirus-numeros-alarmantes-308-activos-este-jueves","status":"publish","type":"post","link":"https:\/\/eldiariodesanpedro.com.ar\/sitio\/alerta-coronavirus-numeros-alarmantes-308-activos-este-jueves\/","title":{"rendered":"Alerta Coronavirus: N\u00fameros alarmantes 308 activos este jueves"},"content":{"rendered":"<!-- VideographyWP Plugin Message: Automatic video embedding prevented by plugin options. -->\n\n<p>La Secretar\u00eda de Salud de la Municipalidad de San Pedro brinda el informe que acompa\u00f1a la placa del d\u00eda de la fecha, en el seguimiento de la Pandemia de Covid-19.<\/p>\n\n\n\n<p>A trav\u00e9s de los testeos realizados desde la Secretar\u00eda de Salud en sus centros habilitados se reportaron 271 negativos y 72 nuevos positivos divididos en 44 hombres y 28 mujeres.<\/p>\n\n\n\n<p>Desde el Laboratorio Central Lab se informaron 18 negativos y ning\u00fan caso positivo.<\/p>\n\n\n\n<p>Los positivos est\u00e1n divididos en:<\/p>\n\n\n\n<p>Mujeres de: <br>6, 17 (2), 18 (2), 19 (2), 20 (2), 23, 25, 26 (2), 27, 33, 34, 35 (2), 36, 38, 41, 45, 51, 53,60, 62, 67 y 68 a\u00f1os. <br>Hombres de:<br>16, 21 (3), 22 (2), 23 (5), 24(5), 25 (2), 26 (2), 30 (2), 31, 32, 36, 38, 40 (4), 45, 47, 52 (2), 53,54, 56 (3), 59 (2), 60 y 64 a\u00f1os.<\/p>\n\n\n\n<ul class=\"wp-block-list\"><li>Hoy no se incorporan altas ni se enviaron muestras y se contin\u00faa testeando a nivel local.<\/li><\/ul>\n\n\n\n<p>Resumen actualizado de informaci\u00f3n oficial <br>Positivos desde el inicio de la Pandemia: 6639 <br>Activos: 308 <br>Recuperados: 6089 <br>Fallecidos: 242 <br>Negativos desde el inicio de la Pandemia: 15873<\/p>\n\n\n\n<p>Los datos consignados en este informe corresponden procesados desde la Secretar\u00eda de Salud por tests en centros oficiales y env\u00edos al Laboratorio Central LAB.<\/p>\n\n\n\n<p>&#x1f449; Completar esquema de vacunas<br>&#x1f449; Usar tapabocas.<br>&#x1f449; Mantener la distancia m\u00ednima de 2 metros.<br>&#x1f449; Extremar la higiene de los espacios.<br>&#x1f449; Mantener las manos limpias.<\/p>\n","protected":false},"excerpt":{"rendered":"<p>La Secretar\u00eda de Salud de la Municipalidad de San Pedro brinda el informe que acompa\u00f1a la placa del d\u00eda de la fecha, en el seguimiento de la Pandemia de Covid-19. A trav\u00e9s de los testeos realizados desde la Secretar\u00eda de Salud en sus centros habilitados se reportaron 271 negativos y 72 nuevos positivos divididos en [&hellip;]<\/p>\n","protected":false},"author":4,"featured_media":79200,"comment_status":"closed","ping_status":"closed","sticky":false,"template":"","format":"standard","meta":{"om_disable_all_campaigns":false,"_jetpack_memberships_contains_paid_content":false,"footnotes":""},"categories":[50,101,2],"tags":[197,696,33,19],"class_list":["post-102636","post","type-post","status-publish","format-standard","has-post-thumbnail","hentry","category-destacadas","category-interes-general-locales","category-locales","tag-buenos-aires","tag-interes-general","tag-locales","tag-san-pedro"],"aioseo_notices":[],"gutentor_comment":0,"jetpack_featured_media_url":"https:\/\/eldiariodesanpedro.com.ar\/sitio\/wp-content\/uploads\/2020\/08\/FTRRV773PNB3RI4W5LP3O7ZVUI.jpg","jetpack_shortlink":"https:\/\/wp.me\/p6RhLt-qHq","jetpack_sharing_enabled":true,"_links":{"self":[{"href":"https:\/\/eldiariodesanpedro.com.ar\/sitio\/wp-json\/wp\/v2\/posts\/102636","targetHints":{"allow":["GET"]}}],"collection":[{"href":"https:\/\/eldiariodesanpedro.com.ar\/sitio\/wp-json\/wp\/v2\/posts"}],"about":[{"href":"https:\/\/eldiariodesanpedro.com.ar\/sitio\/wp-json\/wp\/v2\/types\/post"}],"author":[{"embeddable":true,"href":"https:\/\/eldiariodesanpedro.com.ar\/sitio\/wp-json\/wp\/v2\/users\/4"}],"replies":[{"embeddable":true,"href":"https:\/\/eldiariodesanpedro.com.ar\/sitio\/wp-json\/wp\/v2\/comments?post=102636"}],"version-history":[{"count":1,"href":"https:\/\/eldiariodesanpedro.com.ar\/sitio\/wp-json\/wp\/v2\/posts\/102636\/revisions"}],"predecessor-version":[{"id":102637,"href":"https:\/\/eldiariodesanpedro.com.ar\/sitio\/wp-json\/wp\/v2\/posts\/102636\/revisions\/102637"}],"wp:featuredmedia":[{"embeddable":true,"href":"https:\/\/eldiariodesanpedro.com.ar\/sitio\/wp-json\/wp\/v2\/media\/79200"}],"wp:attachment":[{"href":"https:\/\/eldiariodesanpedro.com.ar\/sitio\/wp-json\/wp\/v2\/media?parent=102636"}],"wp:term":[{"taxonomy":"category","embeddable":true,"href":"https:\/\/eldiariodesanpedro.com.ar\/sitio\/wp-json\/wp\/v2\/categories?post=102636"},{"taxonomy":"post_tag","embeddable":true,"href":"https:\/\/eldiariodesanpedro.com.ar\/sitio\/wp-json\/wp\/v2\/tags?post=102636"}],"curies":[{"name":"wp","href":"https:\/\/api.w.org\/{rel}","templated":true}]}}