{"id":102633,"date":"2021-12-30T15:31:09","date_gmt":"2021-12-30T18:31:09","guid":{"rendered":"https:\/\/eldiariodesanpedro.com.ar\/sitio\/?p=102633"},"modified":"2021-12-30T15:31:11","modified_gmt":"2021-12-30T18:31:11","slug":"compro-dos-motores-de-motos-de-alta-cilindradas-por-un-valor-de-200-mil-pesos-a-traves-de-facebook-y-nunca-los-recibio","status":"publish","type":"post","link":"https:\/\/eldiariodesanpedro.com.ar\/sitio\/compro-dos-motores-de-motos-de-alta-cilindradas-por-un-valor-de-200-mil-pesos-a-traves-de-facebook-y-nunca-los-recibio\/","title":{"rendered":"Compro dos motores de motos de alta cilindradas por un valor de 200 mil pesos a trav\u00e9s de facebook y nunca los recibi\u00f3"},"content":{"rendered":"<!-- VideographyWP Plugin Message: Automatic video embedding prevented by plugin options. -->\n\n<p>Este mi\u00e9rcoles en horas de la tarde se hizo una denuncia por parte de un ciudadano de 30 a\u00f1os de edad, que el d\u00eda 14 de diciembre de 2021 realiz\u00f3 una compra a trav\u00e9s de red social Facebook de dos motores de motocicleta de alta cilindrada, las cuales pag\u00f3 a trav\u00e9s de Mercado Pago por la suma de 200.000 pesos en dos transacciones, que luego de ello es bloqueado por la cuenta de Facebook y mensajes de WhatsApp.<\/p>\n","protected":false},"excerpt":{"rendered":"<p>Este mi\u00e9rcoles en horas de la tarde se hizo una denuncia por parte de un ciudadano de 30 a\u00f1os de edad, que el d\u00eda 14 de diciembre de 2021 realiz\u00f3 una compra a trav\u00e9s de red social Facebook de dos motores de motocicleta de alta cilindrada, las cuales pag\u00f3 a trav\u00e9s de Mercado Pago por [&hellip;]<\/p>\n","protected":false},"author":4,"featured_media":102638,"comment_status":"closed","ping_status":"closed","sticky":false,"template":"","format":"standard","meta":{"om_disable_all_campaigns":false,"_jetpack_memberships_contains_paid_content":false,"footnotes":""},"categories":[2,103],"tags":[197,33,95,19],"class_list":["post-102633","post","type-post","status-publish","format-standard","has-post-thumbnail","hentry","category-locales","category-policiales-locales","tag-buenos-aires","tag-locales","tag-policiales","tag-san-pedro"],"aioseo_notices":[],"gutentor_comment":0,"jetpack_featured_media_url":"https:\/\/eldiariodesanpedro.com.ar\/sitio\/wp-content\/uploads\/2021\/12\/ventas-facebooj-wggzrw_5d580f2a95e4e_large.jpg","jetpack_shortlink":"https:\/\/wp.me\/p6RhLt-qHn","jetpack_sharing_enabled":true,"_links":{"self":[{"href":"https:\/\/eldiariodesanpedro.com.ar\/sitio\/wp-json\/wp\/v2\/posts\/102633","targetHints":{"allow":["GET"]}}],"collection":[{"href":"https:\/\/eldiariodesanpedro.com.ar\/sitio\/wp-json\/wp\/v2\/posts"}],"about":[{"href":"https:\/\/eldiariodesanpedro.com.ar\/sitio\/wp-json\/wp\/v2\/types\/post"}],"author":[{"embeddable":true,"href":"https:\/\/eldiariodesanpedro.com.ar\/sitio\/wp-json\/wp\/v2\/users\/4"}],"replies":[{"embeddable":true,"href":"https:\/\/eldiariodesanpedro.com.ar\/sitio\/wp-json\/wp\/v2\/comments?post=102633"}],"version-history":[{"count":1,"href":"https:\/\/eldiariodesanpedro.com.ar\/sitio\/wp-json\/wp\/v2\/posts\/102633\/revisions"}],"predecessor-version":[{"id":102639,"href":"https:\/\/eldiariodesanpedro.com.ar\/sitio\/wp-json\/wp\/v2\/posts\/102633\/revisions\/102639"}],"wp:featuredmedia":[{"embeddable":true,"href":"https:\/\/eldiariodesanpedro.com.ar\/sitio\/wp-json\/wp\/v2\/media\/102638"}],"wp:attachment":[{"href":"https:\/\/eldiariodesanpedro.com.ar\/sitio\/wp-json\/wp\/v2\/media?parent=102633"}],"wp:term":[{"taxonomy":"category","embeddable":true,"href":"https:\/\/eldiariodesanpedro.com.ar\/sitio\/wp-json\/wp\/v2\/categories?post=102633"},{"taxonomy":"post_tag","embeddable":true,"href":"https:\/\/eldiariodesanpedro.com.ar\/sitio\/wp-json\/wp\/v2\/tags?post=102633"}],"curies":[{"name":"wp","href":"https:\/\/api.w.org\/{rel}","templated":true}]}}