{"id":102630,"date":"2021-12-30T12:40:16","date_gmt":"2021-12-30T15:40:16","guid":{"rendered":"https:\/\/eldiariodesanpedro.com.ar\/sitio\/?p=102630"},"modified":"2021-12-30T12:40:18","modified_gmt":"2021-12-30T15:40:18","slug":"denuncias-por-cuatro-casos-de-covid-en-un-restaurante-donde-el-dueno-se-niega-a-cerrar-y-a-aislar-a-sus-empleados","status":"publish","type":"post","link":"https:\/\/eldiariodesanpedro.com.ar\/sitio\/denuncias-por-cuatro-casos-de-covid-en-un-restaurante-donde-el-dueno-se-niega-a-cerrar-y-a-aislar-a-sus-empleados\/","title":{"rendered":"Denuncias por cuatro casos de covid en un restaurante donde el due\u00f1o se niega a cerrar y a aislar a sus empleados"},"content":{"rendered":"<!-- VideographyWP Plugin Message: Automatic video embedding prevented by plugin options. -->\n\n<p>En la jornada de hoy hubo denuncias a la Secretar\u00eda de Salud donde un comercio del rubro gastron\u00f3mico ubicado en la zona c\u00e9ntrica tiene 4 empleados contagiados de covid y el encargado del lugar ser\u00eda uno de los infectados, quienes se niegan a cerrar y contin\u00faan trabajando.<\/p>\n\n\n\n<p>La denuncia en la Secretar\u00eda de Salud fue realizada por familiares de los empleados preocupados por la situaci\u00f3n ya que entre ellos tambi\u00e9n se encuentran otros empleados que por el momento no se encuentran con s\u00edntomas.<\/p>\n\n\n\n<p>El encargado del comercio ex candidato a concejal aparentemente decidi\u00f3 seguir trabajando de cualquier manera.<\/p>\n\n\n\n<p>La Secretaria de Salud se encarga de la situaci\u00f3n para verificar si las personas realmente se encuentran infectados de covid.<\/p>\n","protected":false},"excerpt":{"rendered":"<p>En la jornada de hoy hubo denuncias a la Secretar\u00eda de Salud donde un comercio del rubro gastron\u00f3mico ubicado en la zona c\u00e9ntrica tiene 4 empleados contagiados de covid y el encargado del lugar ser\u00eda uno de los infectados, quienes se niegan a cerrar y contin\u00faan trabajando. La denuncia en la Secretar\u00eda de Salud fue [&hellip;]<\/p>\n","protected":false},"author":4,"featured_media":102631,"comment_status":"closed","ping_status":"closed","sticky":false,"template":"","format":"standard","meta":{"om_disable_all_campaigns":false,"_jetpack_memberships_contains_paid_content":false,"footnotes":""},"categories":[50,101,2],"tags":[],"class_list":["post-102630","post","type-post","status-publish","format-standard","has-post-thumbnail","hentry","category-destacadas","category-interes-general-locales","category-locales"],"aioseo_notices":[],"gutentor_comment":0,"jetpack_featured_media_url":"https:\/\/eldiariodesanpedro.com.ar\/sitio\/wp-content\/uploads\/2021\/12\/d50c0a4b-781f-435c-b450-f2b6157d93b2_16-9-aspect-ratio_default_0.jpg","jetpack_shortlink":"https:\/\/wp.me\/p6RhLt-qHk","jetpack_sharing_enabled":true,"_links":{"self":[{"href":"https:\/\/eldiariodesanpedro.com.ar\/sitio\/wp-json\/wp\/v2\/posts\/102630","targetHints":{"allow":["GET"]}}],"collection":[{"href":"https:\/\/eldiariodesanpedro.com.ar\/sitio\/wp-json\/wp\/v2\/posts"}],"about":[{"href":"https:\/\/eldiariodesanpedro.com.ar\/sitio\/wp-json\/wp\/v2\/types\/post"}],"author":[{"embeddable":true,"href":"https:\/\/eldiariodesanpedro.com.ar\/sitio\/wp-json\/wp\/v2\/users\/4"}],"replies":[{"embeddable":true,"href":"https:\/\/eldiariodesanpedro.com.ar\/sitio\/wp-json\/wp\/v2\/comments?post=102630"}],"version-history":[{"count":1,"href":"https:\/\/eldiariodesanpedro.com.ar\/sitio\/wp-json\/wp\/v2\/posts\/102630\/revisions"}],"predecessor-version":[{"id":102632,"href":"https:\/\/eldiariodesanpedro.com.ar\/sitio\/wp-json\/wp\/v2\/posts\/102630\/revisions\/102632"}],"wp:featuredmedia":[{"embeddable":true,"href":"https:\/\/eldiariodesanpedro.com.ar\/sitio\/wp-json\/wp\/v2\/media\/102631"}],"wp:attachment":[{"href":"https:\/\/eldiariodesanpedro.com.ar\/sitio\/wp-json\/wp\/v2\/media?parent=102630"}],"wp:term":[{"taxonomy":"category","embeddable":true,"href":"https:\/\/eldiariodesanpedro.com.ar\/sitio\/wp-json\/wp\/v2\/categories?post=102630"},{"taxonomy":"post_tag","embeddable":true,"href":"https:\/\/eldiariodesanpedro.com.ar\/sitio\/wp-json\/wp\/v2\/tags?post=102630"}],"curies":[{"name":"wp","href":"https:\/\/api.w.org\/{rel}","templated":true}]}}