{"id":102626,"date":"2021-12-30T11:37:15","date_gmt":"2021-12-30T14:37:15","guid":{"rendered":"https:\/\/eldiariodesanpedro.com.ar\/sitio\/?p=102626"},"modified":"2021-12-30T11:37:52","modified_gmt":"2021-12-30T14:37:52","slug":"delincuentes-se-llevaron-ladrillos-ceramicos-de-una-casa-en-construccion","status":"publish","type":"post","link":"https:\/\/eldiariodesanpedro.com.ar\/sitio\/delincuentes-se-llevaron-ladrillos-ceramicos-de-una-casa-en-construccion\/","title":{"rendered":"Delincuentes se llevaron ladrillos cer\u00e1micos de una casa en construcci\u00f3n"},"content":{"rendered":"<!-- VideographyWP Plugin Message: Automatic video embedding prevented by plugin options. -->\n\n<p>Este mi\u00e9rcoles, un ciudadano de 28 a\u00f1os de edad, que se hace presente d\u00eda ayer 08:30 horas en un terreno ubicado en calle R\u00f3mulo Naon e Italia San Pedro, donde se encuentra edificando constatando que ignorados le habr\u00edan sustra\u00eddo ladrillos cer\u00e1micos, no posee sospecha de qui\u00e9n puede haber sido y tampoco hay testigos del hecho.\u00a0\u00a0<\/p>\n","protected":false},"excerpt":{"rendered":"<p>Este mi\u00e9rcoles, un ciudadano de 28 a\u00f1os de edad, que se hace presente d\u00eda ayer 08:30 horas en un terreno ubicado en calle R\u00f3mulo Naon e Italia San Pedro, donde se encuentra edificando constatando que ignorados le habr\u00edan sustra\u00eddo ladrillos cer\u00e1micos, no posee sospecha de qui\u00e9n puede haber sido y tampoco hay testigos del hecho.\u00a0\u00a0<\/p>\n","protected":false},"author":4,"featured_media":102627,"comment_status":"closed","ping_status":"closed","sticky":false,"template":"","format":"standard","meta":{"om_disable_all_campaigns":false,"_jetpack_memberships_contains_paid_content":false,"footnotes":""},"categories":[2,103],"tags":[197,2595,696,33,95,19],"class_list":["post-102626","post","type-post","status-publish","format-standard","has-post-thumbnail","hentry","category-locales","category-policiales-locales","tag-buenos-aires","tag-delincuentes-se-llevaron-ladrillos-ceramicos-de-una-casa-en-construccion","tag-interes-general","tag-locales","tag-policiales","tag-san-pedro"],"aioseo_notices":[],"gutentor_comment":0,"jetpack_featured_media_url":"https:\/\/eldiariodesanpedro.com.ar\/sitio\/wp-content\/uploads\/2021\/12\/casa.jpg","jetpack_shortlink":"https:\/\/wp.me\/p6RhLt-qHg","jetpack_sharing_enabled":true,"_links":{"self":[{"href":"https:\/\/eldiariodesanpedro.com.ar\/sitio\/wp-json\/wp\/v2\/posts\/102626","targetHints":{"allow":["GET"]}}],"collection":[{"href":"https:\/\/eldiariodesanpedro.com.ar\/sitio\/wp-json\/wp\/v2\/posts"}],"about":[{"href":"https:\/\/eldiariodesanpedro.com.ar\/sitio\/wp-json\/wp\/v2\/types\/post"}],"author":[{"embeddable":true,"href":"https:\/\/eldiariodesanpedro.com.ar\/sitio\/wp-json\/wp\/v2\/users\/4"}],"replies":[{"embeddable":true,"href":"https:\/\/eldiariodesanpedro.com.ar\/sitio\/wp-json\/wp\/v2\/comments?post=102626"}],"version-history":[{"count":2,"href":"https:\/\/eldiariodesanpedro.com.ar\/sitio\/wp-json\/wp\/v2\/posts\/102626\/revisions"}],"predecessor-version":[{"id":102629,"href":"https:\/\/eldiariodesanpedro.com.ar\/sitio\/wp-json\/wp\/v2\/posts\/102626\/revisions\/102629"}],"wp:featuredmedia":[{"embeddable":true,"href":"https:\/\/eldiariodesanpedro.com.ar\/sitio\/wp-json\/wp\/v2\/media\/102627"}],"wp:attachment":[{"href":"https:\/\/eldiariodesanpedro.com.ar\/sitio\/wp-json\/wp\/v2\/media?parent=102626"}],"wp:term":[{"taxonomy":"category","embeddable":true,"href":"https:\/\/eldiariodesanpedro.com.ar\/sitio\/wp-json\/wp\/v2\/categories?post=102626"},{"taxonomy":"post_tag","embeddable":true,"href":"https:\/\/eldiariodesanpedro.com.ar\/sitio\/wp-json\/wp\/v2\/tags?post=102626"}],"curies":[{"name":"wp","href":"https:\/\/api.w.org\/{rel}","templated":true}]}}