{"id":102624,"date":"2021-12-30T11:26:30","date_gmt":"2021-12-30T14:26:30","guid":{"rendered":"https:\/\/eldiariodesanpedro.com.ar\/sitio\/?p=102624"},"modified":"2021-12-30T11:26:32","modified_gmt":"2021-12-30T14:26:32","slug":"un-aprehendido-por-alterar-el-orden-publico","status":"publish","type":"post","link":"https:\/\/eldiariodesanpedro.com.ar\/sitio\/un-aprehendido-por-alterar-el-orden-publico\/","title":{"rendered":"Un aprehendido por alterar el orden p\u00fablico"},"content":{"rendered":"<!-- VideographyWP Plugin Message: Automatic video embedding prevented by plugin options. -->\n\n<p>Este mi\u00e9rcoles en horas de la ma\u00f1ana, el personal policial se hace presente en Avenida 3 de Febrero y Joaqu\u00edn. V. Gonz\u00e1lez, aprehendi\u00f3 a un ciudadano de 38 a\u00f1os de edad, quien se encontraba deambulando en v\u00eda p\u00fablica, alterando el orden p\u00fablico y la paz del lugar. Interviene Juzgado Paz\u00a0 por infracci\u00f3n al c\u00f3digo de faltas ley 8031<\/p>\n","protected":false},"excerpt":{"rendered":"<p>Este mi\u00e9rcoles en horas de la ma\u00f1ana, el personal policial se hace presente en Avenida 3 de Febrero y Joaqu\u00edn. V. Gonz\u00e1lez, aprehendi\u00f3 a un ciudadano de 38 a\u00f1os de edad, quien se encontraba deambulando en v\u00eda p\u00fablica, alterando el orden p\u00fablico y la paz del lugar. Interviene Juzgado Paz\u00a0 por infracci\u00f3n al c\u00f3digo de [&hellip;]<\/p>\n","protected":false},"author":4,"featured_media":70421,"comment_status":"closed","ping_status":"closed","sticky":false,"template":"","format":"standard","meta":{"om_disable_all_campaigns":false,"_jetpack_memberships_contains_paid_content":false,"footnotes":""},"categories":[2,103],"tags":[197,33,95],"class_list":["post-102624","post","type-post","status-publish","format-standard","has-post-thumbnail","hentry","category-locales","category-policiales-locales","tag-buenos-aires","tag-locales","tag-policiales"],"aioseo_notices":[],"gutentor_comment":0,"jetpack_featured_media_url":"https:\/\/eldiariodesanpedro.com.ar\/sitio\/wp-content\/uploads\/2020\/03\/esposas-detenido-1.jpg","jetpack_shortlink":"https:\/\/wp.me\/p6RhLt-qHe","jetpack_sharing_enabled":true,"_links":{"self":[{"href":"https:\/\/eldiariodesanpedro.com.ar\/sitio\/wp-json\/wp\/v2\/posts\/102624","targetHints":{"allow":["GET"]}}],"collection":[{"href":"https:\/\/eldiariodesanpedro.com.ar\/sitio\/wp-json\/wp\/v2\/posts"}],"about":[{"href":"https:\/\/eldiariodesanpedro.com.ar\/sitio\/wp-json\/wp\/v2\/types\/post"}],"author":[{"embeddable":true,"href":"https:\/\/eldiariodesanpedro.com.ar\/sitio\/wp-json\/wp\/v2\/users\/4"}],"replies":[{"embeddable":true,"href":"https:\/\/eldiariodesanpedro.com.ar\/sitio\/wp-json\/wp\/v2\/comments?post=102624"}],"version-history":[{"count":1,"href":"https:\/\/eldiariodesanpedro.com.ar\/sitio\/wp-json\/wp\/v2\/posts\/102624\/revisions"}],"predecessor-version":[{"id":102625,"href":"https:\/\/eldiariodesanpedro.com.ar\/sitio\/wp-json\/wp\/v2\/posts\/102624\/revisions\/102625"}],"wp:featuredmedia":[{"embeddable":true,"href":"https:\/\/eldiariodesanpedro.com.ar\/sitio\/wp-json\/wp\/v2\/media\/70421"}],"wp:attachment":[{"href":"https:\/\/eldiariodesanpedro.com.ar\/sitio\/wp-json\/wp\/v2\/media?parent=102624"}],"wp:term":[{"taxonomy":"category","embeddable":true,"href":"https:\/\/eldiariodesanpedro.com.ar\/sitio\/wp-json\/wp\/v2\/categories?post=102624"},{"taxonomy":"post_tag","embeddable":true,"href":"https:\/\/eldiariodesanpedro.com.ar\/sitio\/wp-json\/wp\/v2\/tags?post=102624"}],"curies":[{"name":"wp","href":"https:\/\/api.w.org\/{rel}","templated":true}]}}