{"id":102603,"date":"2021-12-29T18:24:57","date_gmt":"2021-12-29T21:24:57","guid":{"rendered":"https:\/\/eldiariodesanpedro.com.ar\/sitio\/?p=102603"},"modified":"2021-12-29T18:24:59","modified_gmt":"2021-12-29T21:24:59","slug":"una-vez-mas-la-sociedad-rural-de-san-pedro-confundio-una-invitacion-genuina-del-municipio","status":"publish","type":"post","link":"https:\/\/eldiariodesanpedro.com.ar\/sitio\/una-vez-mas-la-sociedad-rural-de-san-pedro-confundio-una-invitacion-genuina-del-municipio\/","title":{"rendered":"\u00abUna vez m\u00e1s, la Sociedad Rural de San Pedro confundi\u00f3 una invitaci\u00f3n genuina del municipio\u00bb"},"content":{"rendered":"<!-- VideographyWP Plugin Message: Automatic video embedding prevented by plugin options. -->\n\n<p>La entidad hab\u00eda sido invitada por el municipio para participar del encuentro con el gobernador Kicillof pero la rechaz\u00f3 y se expres\u00f3 en contra de su visita.<\/p>\n\n\n\n<p>Con un comunicado difundido en horas de la tarde, la Municipalidad de San Pedro mostr\u00f3 su malestar ante la ausencia de la Sociedad Rural y las cr\u00edticas que sus dirigentes expusieron ante la presencia de las autoridades provinciales.<\/p>\n\n\n\n<p>\u00abLamentablemente, una vez m\u00e1s, la Sociedad Rural de San Pedro confundi\u00f3 una invitaci\u00f3n genuina del municipio y la utiliz\u00f3 para expresar sus pensamientos pol\u00edticos.&nbsp;A punto tal, que adem\u00e1s de rechazar la invitaci\u00f3n formulada de manera privada, hizo p\u00fablicas a nivel nacional expresiones contra el Gobernador, quien fue recibido de manera excelente por todo el resto de los productores hist\u00f3ricos de San Pedro, y los representantes gremiales que agradecieron el gesto de acercar a su equipo para llevar soluciones a todo el sector.<\/p>\n\n\n\n<p>No sorprende este tipo de actitud desde la entidad que ya procedi\u00f3 de la misma forma en fechas muy caras a los sentimientos de todos los argentinos como en el aniversario de la Batalla de Obligado, pero con estas actitudes, nada aporta a la supuesta b\u00fasqueda de construir un escenario m\u00e1s favorable para las inversiones, la producci\u00f3n y el desarrollo de la regi\u00f3n.<\/p>\n\n\n\n<p>Un notable contraste con el resto de las entidades que reconocieron y agradecieron un encuentro que sienta las bases de nuevas oportunidades para todos\u00bb.&nbsp;<\/p>\n","protected":false},"excerpt":{"rendered":"<p>La entidad hab\u00eda sido invitada por el municipio para participar del encuentro con el gobernador Kicillof pero la rechaz\u00f3 y se expres\u00f3 en contra de su visita. Con un comunicado difundido en horas de la tarde, la Municipalidad de San Pedro mostr\u00f3 su malestar ante la ausencia de la Sociedad Rural y las cr\u00edticas que [&hellip;]<\/p>\n","protected":false},"author":4,"featured_media":102604,"comment_status":"closed","ping_status":"closed","sticky":false,"template":"","format":"standard","meta":{"om_disable_all_campaigns":false,"_jetpack_memberships_contains_paid_content":false,"footnotes":""},"categories":[50,101,2],"tags":[2593,197,696,2594,33,19],"class_list":["post-102603","post","type-post","status-publish","format-standard","has-post-thumbnail","hentry","category-destacadas","category-interes-general-locales","category-locales","tag-una-vez-mas","tag-buenos-aires","tag-interes-general","tag-la-sociedad-rural-de-san-pedro-confundio-una-invitacion-genuina-del-municipio","tag-locales","tag-san-pedro"],"aioseo_notices":[],"gutentor_comment":0,"jetpack_featured_media_url":"https:\/\/eldiariodesanpedro.com.ar\/sitio\/wp-content\/uploads\/2021\/12\/0000020591-resized-1920x1080-1.jpg","jetpack_shortlink":"https:\/\/wp.me\/p6RhLt-qGT","jetpack_sharing_enabled":true,"_links":{"self":[{"href":"https:\/\/eldiariodesanpedro.com.ar\/sitio\/wp-json\/wp\/v2\/posts\/102603","targetHints":{"allow":["GET"]}}],"collection":[{"href":"https:\/\/eldiariodesanpedro.com.ar\/sitio\/wp-json\/wp\/v2\/posts"}],"about":[{"href":"https:\/\/eldiariodesanpedro.com.ar\/sitio\/wp-json\/wp\/v2\/types\/post"}],"author":[{"embeddable":true,"href":"https:\/\/eldiariodesanpedro.com.ar\/sitio\/wp-json\/wp\/v2\/users\/4"}],"replies":[{"embeddable":true,"href":"https:\/\/eldiariodesanpedro.com.ar\/sitio\/wp-json\/wp\/v2\/comments?post=102603"}],"version-history":[{"count":1,"href":"https:\/\/eldiariodesanpedro.com.ar\/sitio\/wp-json\/wp\/v2\/posts\/102603\/revisions"}],"predecessor-version":[{"id":102605,"href":"https:\/\/eldiariodesanpedro.com.ar\/sitio\/wp-json\/wp\/v2\/posts\/102603\/revisions\/102605"}],"wp:featuredmedia":[{"embeddable":true,"href":"https:\/\/eldiariodesanpedro.com.ar\/sitio\/wp-json\/wp\/v2\/media\/102604"}],"wp:attachment":[{"href":"https:\/\/eldiariodesanpedro.com.ar\/sitio\/wp-json\/wp\/v2\/media?parent=102603"}],"wp:term":[{"taxonomy":"category","embeddable":true,"href":"https:\/\/eldiariodesanpedro.com.ar\/sitio\/wp-json\/wp\/v2\/categories?post=102603"},{"taxonomy":"post_tag","embeddable":true,"href":"https:\/\/eldiariodesanpedro.com.ar\/sitio\/wp-json\/wp\/v2\/tags?post=102603"}],"curies":[{"name":"wp","href":"https:\/\/api.w.org\/{rel}","templated":true}]}}